{"id":929,"date":"2013-08-07T10:12:26","date_gmt":"2013-08-07T10:12:26","guid":{"rendered":"http:\/\/www.gasserdaniel.ch\/?p=929"},"modified":"2013-08-07T14:32:26","modified_gmt":"2013-08-07T14:32:26","slug":"konzertsommer-stephan-eicher","status":"publish","type":"post","link":"http:\/\/www.gasserdaniel.ch\/?p=929","title":{"rendered":"Konzertsommer &#8211; Stephan Eicher"},"content":{"rendered":"<h1>Eines der f\u00fcr mich pr\u00e4gendsten Erlebnisse diesen Sommer waren zwei Tage on Tour mit Stephan Eicher und den N\u00e4belh\u00fc\u00fclern \u00c4bike.<\/h1>\n<p><a href=\"http:\/\/www.gasserdaniel.ch\/wp-content\/uploads\/2013\/08\/n5qmAR6KpJ24aQte5UW_3D-NP-8capion5wiLesYvUU.jpg\"><img loading=\"lazy\" decoding=\"async\" class=\"alignleft  wp-image-933\" title=\"n5qmAR6KpJ24aQte5UW_3D-NP-8capion5wiLesYvUU\" src=\"http:\/\/www.gasserdaniel.ch\/wp-content\/uploads\/2013\/08\/n5qmAR6KpJ24aQte5UW_3D-NP-8capion5wiLesYvUU-300x200.jpg\" alt=\"\" width=\"304\" height=\"212\" \/><\/a>Vor 9 Jahren, noch w\u00e4hrend meiner Aktivzeit bei den N\u00e4belh\u00fc\u00fclern, begann eine Geschichte, welche dieses Jahr ihren Abschluss fand. Gegen Ende des Sommers 2004 hatten wir einen Auftritt f\u00fcr die \u00c4rztevereinigung unter dem Vordach des KKL Luzern. Stephan Eicher probte gleichzeitig im Innern des KKL&#8217;s f\u00fcr das Konzert am selben Abend. Da wir ihn &#8222;irritierten&#8220;, kam er nach draussen, um zu sehen, was da eigentlich so m\u00e4chtig Dampf hervorbrachte.<\/p>\n<p>Er blieb stehen, war von Power und Groove fasziniert und kam anschliessend auf uns zu mit dem Wunsch uns zur Planung eines gemeinsamen Konzerts zu treffen. Bereits einige Tage kamen Pirmin Hirschi, Peter Schamberger und ich mit Stephan Eicher und Band zum Nachtessen im Rebstock zusammen. Eigentlich h\u00e4tten wir uns auf Anhieb super verstanden, das gemeinsam geplante Konzert im Olympic in Paris konnte aber aufgrund Bedenken der Toningenieure nicht stattfinden. Das Konzert w\u00e4re in ganz Frankreich am Radio \u00fcbertragen worden&#8230;<\/p>\n<p>Wie das aber so ist mit guten Ideen, geraten sie selten in Vergessenheit.<\/p>\n<p>In diesem April wurden wir erneut angestupst und st\u00fcrzten uns mit Elan ins neue Projekt. Wiederum trafen sich Pirmin, Peter und ich mit Stephan Eicher zur Besprechung der aktuellen Idee. Am 10.\/11. Juli waren Konzert in Z\u00fcrich (Live at sunset) und K\u00f6niz (Live im Schlosspark) geplant. Stephan Eicher hatte vor zwei seiner Zugaben mit den N\u00e4belh\u00fc\u00fclern zusammen zu gestalten. &#8222;Combien de temps&#8220; zusammen mit Band auf der B\u00fchne, &#8222;Hemmige&#8220; als Abschluss im\u00a0 Sternmarsch quer durchs Publikum zu einer Art &#8222;Zigeunerchilbi&#8220; mitten drin. Wir waren begeistert!<\/p>\n<p>Als nicht mehr aktive Ehrenmitgliederwar es nun vorrangig den Verein ins Boot zu holen. An einer ausserordentlichen Sitzung wurden die N\u00e4belh\u00fc\u00fcler informiert. Nach der grunds\u00e4tzliche Zusage des Vereins musste sich jedes Mitglied \u00fcberlegen, ob es die verlangten vier Proben sowie die zwei Ferientage investieren konnte. Innert K\u00fcrze hatten wir die n\u00f6tigen 36 Personen beisammen.<\/p>\n<p>Die Vorbereitungsphase verlief sehr engagiert und nach den geplanten vier Proben waren die St\u00fccke auswendig in den K\u00f6pfen und wir f\u00fcr die ausserordentlichen Tage parat.<\/p>\n<p>\u00dcber die beiden Tage g\u00e4be es unendlich viele Episoden zu erz\u00e4hlen. Stephan Eicher ist ein hochkreativer und sehr sympathischer Mensch. Auch die Band hat uns (und umgekehrt) f\u00fcr diese zwei Tage ins Herz geschlossen und es entstanden tiefe und emotionale Erlebnisse. Hier ein Video-Mitschnitt aus dem Publikum (nicht die beste Qualit\u00e4t, aber die Stimmung kommt r\u00fcber) vom Konzert in K\u00f6niz.<br \/>\n<iframe loading=\"lazy\" src=\"\/\/www.youtube.com\/embed\/mOeuQscObt0\" frameborder=\"0\" width=\"560\" height=\"315\"><\/iframe><\/p>\n<p>F\u00fcr mich pers\u00f6nlich gab es zus\u00e4tzliche Adrenalinst\u00f6sse. Bei der Ankunft am Mittwochmittag fragte uns der Manager Roger Guntern, ob jemand etwas mehr Trompete spiele als nur in der Gugge (alle Finger zeigten auf mich), Stephan habe da noch eine Idee.<\/p>\n<p>So kam es, dass ich mit der Band ein zus\u00e4tzliches St\u00fcck mitspielen konnte. Noten waren keine vorhanden, 1x Soundcheck dann live ab auf die B\u00fchne&#8230; Ich glaube ich war noch selten im Leben so nerv\u00f6s, aber es hat total Spass gemacht. Auch hier ein Videomitschnitt von &#8222;ce peu d&#8217;amour&#8220;:<\/p>\n<p><iframe loading=\"lazy\" src=\"\/\/www.youtube.com\/embed\/cXCTUITvHIk\" frameborder=\"0\" width=\"560\" height=\"315\"><\/iframe><\/p>\n<p>&nbsp;<\/p>\n","protected":false},"excerpt":{"rendered":"<p>Eines der f\u00fcr mich pr\u00e4gendsten Erlebnisse diesen Sommer waren zwei Tage on Tour mit Stephan Eicher und den N\u00e4belh\u00fc\u00fclern \u00c4bike. Vor 9 Jahren, noch w\u00e4hrend meiner Aktivzeit bei den N\u00e4belh\u00fc\u00fclern, begann eine Geschichte, welche dieses Jahr ihren Abschluss fand. Gegen &hellip; <a href=\"http:\/\/www.gasserdaniel.ch\/?p=929\">Weiterlesen <span class=\"meta-nav\">&rarr;<\/span><\/a><\/p>\n","protected":false},"author":1,"featured_media":0,"comment_status":"open","ping_status":"closed","sticky":false,"template":"","format":"standard","meta":{"footnotes":""},"categories":[1],"tags":[],"class_list":["post-929","post","type-post","status-publish","format-standard","hentry","category-uncategorized"],"_links":{"self":[{"href":"http:\/\/www.gasserdaniel.ch\/index.php?rest_route=\/wp\/v2\/posts\/929","targetHints":{"allow":["GET"]}}],"collection":[{"href":"http:\/\/www.gasserdaniel.ch\/index.php?rest_route=\/wp\/v2\/posts"}],"about":[{"href":"http:\/\/www.gasserdaniel.ch\/index.php?rest_route=\/wp\/v2\/types\/post"}],"author":[{"embeddable":true,"href":"http:\/\/www.gasserdaniel.ch\/index.php?rest_route=\/wp\/v2\/users\/1"}],"replies":[{"embeddable":true,"href":"http:\/\/www.gasserdaniel.ch\/index.php?rest_route=%2Fwp%2Fv2%2Fcomments&post=929"}],"version-history":[{"count":26,"href":"http:\/\/www.gasserdaniel.ch\/index.php?rest_route=\/wp\/v2\/posts\/929\/revisions"}],"predecessor-version":[{"id":956,"href":"http:\/\/www.gasserdaniel.ch\/index.php?rest_route=\/wp\/v2\/posts\/929\/revisions\/956"}],"wp:attachment":[{"href":"http:\/\/www.gasserdaniel.ch\/index.php?rest_route=%2Fwp%2Fv2%2Fmedia&parent=929"}],"wp:term":[{"taxonomy":"category","embeddable":true,"href":"http:\/\/www.gasserdaniel.ch\/index.php?rest_route=%2Fwp%2Fv2%2Fcategories&post=929"},{"taxonomy":"post_tag","embeddable":true,"href":"http:\/\/www.gasserdaniel.ch\/index.php?rest_route=%2Fwp%2Fv2%2Ftags&post=929"}],"curies":[{"name":"wp","href":"https:\/\/api.w.org\/{rel}","templated":true}]}}