{"id":890,"date":"2012-12-28T15:08:14","date_gmt":"2012-12-28T15:08:14","guid":{"rendered":"http:\/\/www.gasserdaniel.ch\/?p=890"},"modified":"2012-12-28T15:08:14","modified_gmt":"2012-12-28T15:08:14","slug":"100-tage","status":"publish","type":"post","link":"http:\/\/www.gasserdaniel.ch\/?p=890","title":{"rendered":"100 Tage"},"content":{"rendered":"<h4>Nach hundert Tagen im Amt ist es jeweils Zeit, eine Standortbestimmung vorzunehmen.\u00a0Nachdem der aufmerksame Besucher meiner Website nat\u00fcrlich festgestellt hat, dass ich die letzten Monate nicht zum Schreiben gekommen bin, n\u00fctze ich die &#8222;Freitage&#8220; zwischen Weihnacht und Neujahr gerne f\u00fcr ein kurzes Resum\u00e9e.<\/h4>\n<p>Vor ein paar Wochen hat mich der zw\u00f6lfj\u00e4hrige Sohn eines Freundes gefragt: &#8222;Du Dani, was arbeitet man eigentlich als Gemeindepr\u00e4sident den ganzen Tag?&#8220; Diese simple Frage war gar nicht so einfach zu beantworten. Ich habe mich\u00a0bei Gelegenheit\u00a0mit Amtskollegen anderer Gemeinden dar\u00fcber unterhalten und sie meinten ganz schlicht: &#8222;Regieren!&#8220;<\/p>\n<p>Wobei, so einfach ist das ja nicht zu erkl\u00e4ren. Deshalb hier ein paar &#8222;Highlights&#8220; der letzten Monate:<\/p>\n<ul>\n<li>Der September startete gleich mit einer Grundsteinlegung. Auf der Halten wurde die erste Etappe der grossen \u00dcberbauung geb\u00fchrlich mit verschiedenen Ansprachen gefeiert.<\/li>\n<li>Kurz darauf durfte ich meine erste Orientierungsversammlung leiten.<\/li>\n<li>Ende September wurde Ebikon das Label &#8222;Energiestadt&#8220; verliehen.<\/li>\n<li>Im Oktober fanden verschiedene Sitzungen mit Luzern Plus, RKK (regionale Kulturkommission), der Sedelkommission und weiteren Verb\u00e4nden und Institutionen statt.<\/li>\n<li>Treffen mit den Ortsparteipr\u00e4sidenten, den Quartiervereinen, dem Regierungsrat, der Controllingkommission usw.<\/li>\n<li>Als Pr\u00e4sident leite ich die PUEK (Planungs-, Umwelt- und Energiekommission) sowie die B\u00fcrgerrechtskommission.<\/li>\n<li>In der B\u00fcrgerrechtskommisson fanden bereits drei Sitzungen statt, und ich konnte erfahren, wie schwierig es ist, Einb\u00fcrgerungen vorzunehmen (oder eben nicht).<\/li>\n<li>An der ersten Sprechstunde mit dem Gemeindepr\u00e4sidenten erschienen\u00a0sieben Personen mit verschiedenen Anliegen.<\/li>\n<li>Im November und Dezember waren die zweite Orientierungsversammlung, die Jungb\u00fcrgerfeier, die \u00dcbergabe der Petition zur Postautolinie 73, eine Gemeindepr\u00e4sidentenkonferenz, der Personalanlass der Gemeinde uvm.<\/li>\n<\/ul>\n<p>Die Aufz\u00e4hlung k\u00f6nnte hier noch weiter gef\u00fchrt werden, aber der Artikel soll ja nicht langweilen. Zudem w\u00fcrden die Tagesgesch\u00e4fte den Rahmen sprengen.<\/p>\n<p>\u00dcber das Ganze hinweg ist es vor allem sehr viel Information, welche st\u00e4ndig zu verarbeiten ist. Ohne die entsprechenden Hintergr\u00fcnde ist es schwierig, seri\u00f6s zu entscheiden.<\/p>\n<p>Ich wende deshalb sehr viel Zeit auf, um mich einzulesen und einzuarbeiten. Wie geplant habe ich diesen Herbst auch begonnen, in jeder Abteilung mindestens einen halben Tag zu verbringen, um mich mit den Abl\u00e4ufen und fachspezifischen Problemstellungen vertraut zu machen.<\/p>\n<h1>Ausblick<\/h1>\n<p>Mitte Dezember waren Peter Sch\u00e4rli und ich bei Regierungsrat Robert K\u00fcng, um einmal mehr \u00fcber unsere &#8222;4-spurige Autobahn&#8220; (Kantonsstrasse K17) zu sprechen. Ich glaube, es ist uns gelungen unsere Visionen eines lebenswerten Ortskerns zu vermitteln. Gespannt schauen wir, was die Zukunft hier bringen wird.<\/p>\n<p>In der zweiten H\u00e4lfte Januar werden wir in zweit\u00e4giger Klausur unsere Legislaturziele \u00fcberpr\u00fcfen und anpassen.<\/p>\n<p>Vorrangig gr\u00f6sstes Thema ist nat\u00fcrlich die Bev\u00f6kerungsbefragung, welche Mitte Januar beginnt und uns wichtige Hinweise zu Wohnqualit\u00e4t, demokratischer Mitbestimmung und weiteren h\u00e4ufig geh\u00f6rten Themen bringen soll. Die Medieninformation dazu erscheint in der zweiten Januarwoche.<\/p>\n<p>Das Jahr 2013 beginnt also spannend und ich freue mich darauf, die Herausforderungen zusammen mit meinen Gemeinderatskollegen anzupacken.<\/p>\n","protected":false},"excerpt":{"rendered":"<p>Nach hundert Tagen im Amt ist es jeweils Zeit, eine Standortbestimmung vorzunehmen.\u00a0Nachdem der aufmerksame Besucher meiner Website nat\u00fcrlich festgestellt hat, dass ich die letzten Monate nicht zum Schreiben gekommen bin, n\u00fctze ich die &#8222;Freitage&#8220; zwischen Weihnacht und Neujahr gerne f\u00fcr &hellip; <a href=\"http:\/\/www.gasserdaniel.ch\/?p=890\">Weiterlesen <span class=\"meta-nav\">&rarr;<\/span><\/a><\/p>\n","protected":false},"author":1,"featured_media":0,"comment_status":"open","ping_status":"closed","sticky":false,"template":"","format":"standard","meta":{"footnotes":""},"categories":[1],"tags":[],"class_list":["post-890","post","type-post","status-publish","format-standard","hentry","category-uncategorized"],"_links":{"self":[{"href":"http:\/\/www.gasserdaniel.ch\/index.php?rest_route=\/wp\/v2\/posts\/890","targetHints":{"allow":["GET"]}}],"collection":[{"href":"http:\/\/www.gasserdaniel.ch\/index.php?rest_route=\/wp\/v2\/posts"}],"about":[{"href":"http:\/\/www.gasserdaniel.ch\/index.php?rest_route=\/wp\/v2\/types\/post"}],"author":[{"embeddable":true,"href":"http:\/\/www.gasserdaniel.ch\/index.php?rest_route=\/wp\/v2\/users\/1"}],"replies":[{"embeddable":true,"href":"http:\/\/www.gasserdaniel.ch\/index.php?rest_route=%2Fwp%2Fv2%2Fcomments&post=890"}],"version-history":[{"count":37,"href":"http:\/\/www.gasserdaniel.ch\/index.php?rest_route=\/wp\/v2\/posts\/890\/revisions"}],"predecessor-version":[{"id":928,"href":"http:\/\/www.gasserdaniel.ch\/index.php?rest_route=\/wp\/v2\/posts\/890\/revisions\/928"}],"wp:attachment":[{"href":"http:\/\/www.gasserdaniel.ch\/index.php?rest_route=%2Fwp%2Fv2%2Fmedia&parent=890"}],"wp:term":[{"taxonomy":"category","embeddable":true,"href":"http:\/\/www.gasserdaniel.ch\/index.php?rest_route=%2Fwp%2Fv2%2Fcategories&post=890"},{"taxonomy":"post_tag","embeddable":true,"href":"http:\/\/www.gasserdaniel.ch\/index.php?rest_route=%2Fwp%2Fv2%2Ftags&post=890"}],"curies":[{"name":"wp","href":"https:\/\/api.w.org\/{rel}","templated":true}]}}