{"id":834,"date":"2012-06-05T13:39:38","date_gmt":"2012-06-05T13:39:38","guid":{"rendered":"http:\/\/www.gasserdaniel.ch\/?p=834"},"modified":"2012-06-05T13:39:38","modified_gmt":"2012-06-05T13:39:38","slug":"ja-zum-seetalplatz-nein-zur-auns-initiative","status":"publish","type":"post","link":"http:\/\/www.gasserdaniel.ch\/?p=834","title":{"rendered":"JA zum Seetalplatz &#8211; NEIN zur AUNS-Initiative"},"content":{"rendered":"<p>Am 17. Juni d\u00fcrfen wir einmal mehr unsere staatspolitische Verantwortung wahrnehmen und \u00fcber einige Vorlagen abstimmen. Zwei davon haben mich pers\u00f6nlich besch\u00e4ftigt, und so will ich kurz\u00a0ein paar\u00a0Gedanken dazu \u00e4ussern.<\/p>\n<h3>Ja zum Seetalplatz<\/h3>\n<p>Jeden Tag\u00a0befahren bis zu 62&#8217;000 Fahrzeuge den Seetalplatz. Das ist\u00a0etwa ein Drittel mehr als \u00fcber die Seebr\u00fccke\u00a0oder fast vier mal mehr als durch den Gotthardstrassentunnel. Dieses gr\u00f6sste Nadel\u00f6hr des Kantons muss zwingend neu gestaltet werden. Sehr treffend umfasst das folgende Video das Thema:<\/p>\n<p>\u00a0<br \/>\n<object style=\"width: 640px; height: 390px;\" width=\"640\" height=\"360\" classid=\"clsid:d27cdb6e-ae6d-11cf-96b8-444553540000\" codebase=\"http:\/\/download.macromedia.com\/pub\/shockwave\/cabs\/flash\/swflash.cab#version=6,0,40,0\"><param name=\"allowFullScreen\" value=\"true\" \/><param name=\"allowScriptAccess\" value=\"always\" \/><param name=\"src\" value=\"http:\/\/www.youtube.com\/v\/SwzkrJvZE30?version=3&amp;feature=player_detailpage\" \/><param name=\"allowfullscreen\" value=\"true\" \/><param name=\"allowscriptaccess\" value=\"always\" \/><embed style=\"width: 640px; height: 390px;\" width=\"640\" height=\"360\" type=\"application\/x-shockwave-flash\" src=\"http:\/\/www.youtube.com\/v\/SwzkrJvZE30?version=3&amp;feature=player_detailpage\" allowFullScreen=\"true\" allowScriptAccess=\"always\" allowfullscreen=\"true\" allowscriptaccess=\"always\" \/><\/object><br \/>\n\u00a0<\/p>\n<h3>\u00a0NEIN zur AUNS-Initiative<\/h3>\n<p>F\u00fcr mich unbedingt abzulehnen\u00a0ist hingegen die AUNS-Initiative &#8222;Staatsvertr\u00e4ge vors Volk&#8220;.<\/p>\n<p>Volk und St\u00e4nde sollen k\u00fcnftig \u00fcber jeden Staatsvertrag, der wichtige Bereiche betrifft, abstimmen. Dabei ist nicht definiert, was &#8222;wichtig&#8220; ist. Die Schweiz\u00a0schliesst jedes Jahr \u00fcber 500 Staatsvertr\u00e4ge ab, \u00fcber welche soll den nun das Volk abstimmen?<\/p>\n<p>Grunds\u00e4tzlich gilt bereits jetzt:<\/p>\n<p><strong><em>Staatsvertr\u00e4ge, die unbefristet und unk\u00fcndbar sind oder rechtsetzende Bestimmungen enthalten, sind dem fakultativen Referendum unterstellt: 50 000 Stimmberechtigte oder acht Kantone k\u00f6nnen eine Volksabstimmung \u00fcber das betreffende Abkommen verlangen. <\/em><\/strong><\/p>\n<p>Diese bew\u00e4hrte Regelung garantiert, dass das Volk \u00fcber alle Staatsvertr\u00e4ge abstimmen kann, \u00fcber die es auch abstimmen will.<\/p>\n<p>Die AUNS-Initiative, welche \u00fcbrigens einzig von der SVP unterst\u00fctzt wird, bedeutet vor allem eine finanzielle Belastung der Schweizer Steuerzahler durch unn\u00f6tige Leerl\u00e4ufe und eine Gef\u00e4hrdung unserer Wirtschaft.<\/p>\n<p>Ich frage mich, ob wir Schweizerinnen und Schweizer wirklich noch \u00fcber 8 -10 weitere hochkomplexe Vorlagen pro Jahr abstimmen wollen, wenn die Stimmbeteiligung jetzt schon nur noch bei 30 &#8211; 40% liegt.<\/p>\n<p><a href=\"http:\/\/www.auns-initiative-nein.ch\/\" target=\"_blank\">Vertiefte Information dazu findet man hier.<\/a><\/p>\n","protected":false},"excerpt":{"rendered":"<p>Am 17. Juni d\u00fcrfen wir einmal mehr unsere staatspolitische Verantwortung wahrnehmen und \u00fcber einige Vorlagen abstimmen. Zwei davon haben mich pers\u00f6nlich besch\u00e4ftigt, und so will ich kurz\u00a0ein paar\u00a0Gedanken dazu \u00e4ussern. Ja zum Seetalplatz Jeden Tag\u00a0befahren bis zu 62&#8217;000 Fahrzeuge den &hellip; <a href=\"http:\/\/www.gasserdaniel.ch\/?p=834\">Weiterlesen <span class=\"meta-nav\">&rarr;<\/span><\/a><\/p>\n","protected":false},"author":1,"featured_media":0,"comment_status":"open","ping_status":"closed","sticky":false,"template":"","format":"standard","meta":{"footnotes":""},"categories":[1],"tags":[],"class_list":["post-834","post","type-post","status-publish","format-standard","hentry","category-uncategorized"],"_links":{"self":[{"href":"http:\/\/www.gasserdaniel.ch\/index.php?rest_route=\/wp\/v2\/posts\/834","targetHints":{"allow":["GET"]}}],"collection":[{"href":"http:\/\/www.gasserdaniel.ch\/index.php?rest_route=\/wp\/v2\/posts"}],"about":[{"href":"http:\/\/www.gasserdaniel.ch\/index.php?rest_route=\/wp\/v2\/types\/post"}],"author":[{"embeddable":true,"href":"http:\/\/www.gasserdaniel.ch\/index.php?rest_route=\/wp\/v2\/users\/1"}],"replies":[{"embeddable":true,"href":"http:\/\/www.gasserdaniel.ch\/index.php?rest_route=%2Fwp%2Fv2%2Fcomments&post=834"}],"version-history":[{"count":25,"href":"http:\/\/www.gasserdaniel.ch\/index.php?rest_route=\/wp\/v2\/posts\/834\/revisions"}],"predecessor-version":[{"id":859,"href":"http:\/\/www.gasserdaniel.ch\/index.php?rest_route=\/wp\/v2\/posts\/834\/revisions\/859"}],"wp:attachment":[{"href":"http:\/\/www.gasserdaniel.ch\/index.php?rest_route=%2Fwp%2Fv2%2Fmedia&parent=834"}],"wp:term":[{"taxonomy":"category","embeddable":true,"href":"http:\/\/www.gasserdaniel.ch\/index.php?rest_route=%2Fwp%2Fv2%2Fcategories&post=834"},{"taxonomy":"post_tag","embeddable":true,"href":"http:\/\/www.gasserdaniel.ch\/index.php?rest_route=%2Fwp%2Fv2%2Ftags&post=834"}],"curies":[{"name":"wp","href":"https:\/\/api.w.org\/{rel}","templated":true}]}}