{"id":678,"date":"2012-04-03T06:49:59","date_gmt":"2012-04-03T06:49:59","guid":{"rendered":"http:\/\/www.gasserdaniel.ch\/?p=678"},"modified":"2012-04-25T13:45:15","modified_gmt":"2012-04-25T13:45:15","slug":"standpunkte","status":"publish","type":"post","link":"http:\/\/www.gasserdaniel.ch\/?p=678","title":{"rendered":"Standpunkte"},"content":{"rendered":"<h4>Anl\u00e4sslich eines Hearings mit der IG-Ebikon habe ich vorg\u00e4ngig einen Fragenkatalog bekommen. Da ich in den letzten Tagen und Wochen des \u00f6fteren zu meinen Standpunkten befragt werde,\u00a0gebe ich meine Antworten hier gerne \u00f6ffentlich bekannt:\u00a0<\/h4>\n<p><strong>Warum m\u00f6chten Sie Gemeindepr\u00e4sident werden?<\/strong><\/p>\n<p>Seit 44 Jahren lebe und arbeite ich in der Gemeinde Ebikon. In dieser Zeit habe ich mich in vielen Vereinen, Gesellschaften, Institutionen und nicht zuletzt im Beruf immer sehr stark f\u00fcr die Gemeinde engagiert. Kurz, das Wohl Ebikons und der \u00c4bikerinnen und \u00c4biker liegt mir sehr am Herzen.<\/p>\n<p><strong>Was bef\u00e4higt Sie dazu?<\/strong><\/p>\n<p>Im privaten, beruflichen, politischen und milit\u00e4rischen Bereich habe ich gelernt Menschen zu f\u00fchren. &#8222;F\u00fchren\u00a0ist Dienstleistung&#8220;. Ich will der Gemeinde Ebikon dazu dienen optimistisch die Zukunft anzugehen. Dabei ist die Wertsch\u00e4tzung gegen \u00fcber den Menschen wichtig, genauso aber klare und strenge Haltungen in Sachfragen.<\/p>\n<p>In den letzten sieben Jahren habe ich die Strukturen und Abl\u00e4ufe der Gemeinde als Leiter der Musikschule bestens kennengelernt. Gleichzeitig kenne ich aber auch einen sehr grossen Teil der Bev\u00f6lkerung quer durch alle Altersstufen pers\u00f6nlich, ich kenne die Sorgen und \u00c4ngste, aber auch die freudigen Seiten des Dorfes mit seiner Lebensfreude und Dorfkultur bestens.<\/p>\n<p><strong>Welche berufliche und politische Erfahrung bringen Sie dazu ein?<\/strong><\/p>\n<ul>\n<li>seit 20 Jahren in der Gemeinde in verschiedenen F\u00fchrungsfunktionen t\u00e4tig<\/li>\n<li>seit 7 Jahren Leiter der Musikschule (50 Lehrpersonen\/\u00fcber 1&#8217;000 Kunden) mit allen verbundenen F\u00fchrungsaufgaben wie:<\/li>\n<ul>\n<ul>\n<li>Anstellungen \/ Entlassungen<\/li>\n<li>Mitarbeitergespr\u00e4che<\/li>\n<li>Budget- und Finanzverantwortung<\/li>\n<li>Strategie, Leistungsauftrag, Nutzwertanalysen<\/li>\n<li>Planung grosser und kleinerer Anl\u00e4sse und Auftritte<\/li>\n<li>Kommunikation schriftlich und m\u00fcndlich nach Innen und Aussen (inkl. Webdesign, Redaktionelle Artikel, Gestaltung Schulprogramm etc.)<\/li>\n<li>Weiterbildung der Mitarbeiter<\/li>\n<\/ul>\n<\/ul>\n<li>seit 4 Jahren Delegierter der CVP Kt. Luzern<\/li>\n<li>seit 2 Jahren im Pr\u00e4sidium der CVP Ebikon<\/li>\n<li>erster Ersatz im Kantonsrat f\u00fcr Luzern Land<\/li>\n<\/ul>\n<p><strong>Wo sehen Sie die Hauptherausforderungen der n\u00e4chsten Legislatur?<\/strong><\/p>\n<ul>\n<li>weiterhin gesunde Finanzlage der Gemeinde, mit allen Konsequenzen<\/li>\n<li>F\u00f6rderung des Standortes in wirtschaftlicher Sicht (Arbeitspl\u00e4tze, Steuern etc.)<\/li>\n<li>innovative und ertragreiche Wirtschaftsbereiche unterst\u00fctzen und f\u00f6rdern, Ausgaben kritisch hinterfragen<\/li>\n<li>F\u00f6rderung altersgerechten Wohnens in der Gemeinde<\/li>\n<li>die drei S\u00e4ulen Arbeit,\u00a0Wohnen und\u00a0Freizeit m\u00fcssen stimmen:<\/li>\n<ul>\n<ul>\n<li>gesundes Gewerbe mit\u00a0vielf\u00e4ltigen Arbeitspl\u00e4tzen<\/li>\n<li>solides Bildungs- und Sozialsystem<\/li>\n<li>bezahlbarer Wohnraum, evtl. durch F\u00f6rderung von weiteren Genossenschaften?<\/li>\n<li>attraktives Verkehrskonzept, attraktives Dorfzentrum, welches einl\u00e4dt und belebt<\/li>\n<li>breites Sport-, Kultur- und Freizeitangebot<\/li>\n<\/ul>\n<\/ul>\n<\/ul>\n<p><strong>Ihr Leistungsausweis zu den Themen Zusammenarbeit und F\u00fchrung?<\/strong><\/p>\n<p>Seit fr\u00fchester Jugend habe ich in verschiedensten Bereichen immer Menschen gef\u00fchrt:<\/p>\n<ul>\n<li>Masterabschluss\u00a0 in Management, F\u00fchrung und Projektaufbau<\/li>\n<li>seit 7 Jahren Leiter der Musikschule<\/li>\n<li>als Offizier der Infanterie, zuletzt im F\u00fchrungsstab der Armee als F\u00fchrungsbetreuer (Coaching) der angehenden Unteroffiziere<\/li>\n<li>als Lehrer, Dirigent und Vorstandsmitglied in verschiedenen Schulen und Vereinen<\/li>\n<li>\u00fcber 20 Jahre als musikalischer Leiter und\/oder Tamboumajor einer Guggenmusik<\/li>\n<li>als Ministranten- und Jungwachtleiter<\/li>\n<\/ul>\n<p><strong>Wie stehen Sie zum Thema Gemeindefusionen?<\/strong><\/p>\n<p>Zusammen mit der Gemeinde Ebikon bekenne ich mich klar zur Eigenst\u00e4ndigkeit. Eine Fusion ist in den n\u00e4chsten Jahren kein Thema. Es m\u00fcssten sich in Zukunft wesentliche Ver\u00e4nderungen in der Wirtschaftslage, der Demographie, der Verkehrsstr\u00f6me uvm. ergeben, bevor man ein solches Modell wieder andenken k\u00f6nnte.<\/p>\n<p>Gleichzeitig heisst dies aber nicht, dass man nicht Synergien unter den Gemeinden suchen und nutzen soll. In diesem Bereich m\u00fcssen Nutzwertanalysen verschiedener (weiterer) Zusammenarbeitsm\u00f6glichkeiten gemacht werden. Ziel dabei muss eine schlanke, effiziente Verwaltung sein, welche optimal arbeiten kann und trotzdem den Steuerzahler nicht hoch belastet.<\/p>\n<p><strong>In welchem Mass spielen bei Ihrer Entscheidfindung Vorgaben der Partei, christliche\/abendl\u00e4ndische Werte, Werte anderer Religionen und Kulturen eine Rolle?<\/strong><\/p>\n<p>Aus katholischem Elternhaus stammend, stehen f\u00fcr mich christliche \/ abendl\u00e4ndische Werte an sehr hoher Stelle. In meinen Aussagen und meiner Arbeit stehe ich f\u00fcr:<\/p>\n<ul>\n<li>offene und ehrliche Kommunikation<\/li>\n<li>fairer Umgang auch bei Meinungsverschiedenheiten<\/li>\n<li>Wertsch\u00e4tzende Haltung gegen\u00fcber allen Mitmenschen<\/li>\n<li>Mut zum Einstehen und Durchsetzen von Erziehung, Werten und Idealen.<\/li>\n<ul>\n<ul>\n<li>Dies beginnt beim Littering von Kindern und Jugendlichen,<\/li>\n<li>geht \u00fcber Fanverhalten an Fussballmatches<\/li>\n<li>Anstand gegen\u00fcber andern Personen,<\/li>\n<li>Respekt vor dem Alter und vielem mehr.<\/li>\n<\/ul>\n<\/ul>\n<li>Werte anderer Religionen und Kulturen anerkenne und respektiere ich. Im Gegenzug erwarte ich aber auch die Anerkennung unserer Kultur.\u00a0Unsere Geschichte, unsere Werte und unsere Kultur m\u00fcssen unser Land und unsere Haltungen pr\u00e4gen.<\/li>\n<li>Ich bin vor Jahren bewusst der CVP als Mittepartei beigetreten, da ich von ihren Werten und Idealen \u00fcberzeugt bin. Dass der gr\u00f6sste Teil aller L\u00f6sungen in der Mitte gefunden wird, ist ein grosser Verdienst der CVP.<\/li>\n<\/ul>\n<p>Trotzdem gilt es als Gemeinderat nicht Partei-Ideologien zu verfolgen, sondern gemeinsam und partei\u00fcbergreifend zum Wohle aller zu handeln.<\/p>\n<h4>Seit 44 Jahren bin ich Teil der Gemeinde Ebikon und mit all ihren Facetten vertraut. Ich setze mich ein f\u00fcr ein starkes, selbstbewusstes und lebenswertes Ebikon.<\/h4>\n","protected":false},"excerpt":{"rendered":"<p>Anl\u00e4sslich eines Hearings mit der IG-Ebikon habe ich vorg\u00e4ngig einen Fragenkatalog bekommen. Da ich in den letzten Tagen und Wochen des \u00f6fteren zu meinen Standpunkten befragt werde,\u00a0gebe ich meine Antworten hier gerne \u00f6ffentlich bekannt:\u00a0 Warum m\u00f6chten Sie Gemeindepr\u00e4sident werden? Seit &hellip; <a href=\"http:\/\/www.gasserdaniel.ch\/?p=678\">Weiterlesen <span class=\"meta-nav\">&rarr;<\/span><\/a><\/p>\n","protected":false},"author":1,"featured_media":0,"comment_status":"open","ping_status":"closed","sticky":false,"template":"","format":"standard","meta":{"footnotes":""},"categories":[1],"tags":[],"class_list":["post-678","post","type-post","status-publish","format-standard","hentry","category-uncategorized"],"_links":{"self":[{"href":"http:\/\/www.gasserdaniel.ch\/index.php?rest_route=\/wp\/v2\/posts\/678","targetHints":{"allow":["GET"]}}],"collection":[{"href":"http:\/\/www.gasserdaniel.ch\/index.php?rest_route=\/wp\/v2\/posts"}],"about":[{"href":"http:\/\/www.gasserdaniel.ch\/index.php?rest_route=\/wp\/v2\/types\/post"}],"author":[{"embeddable":true,"href":"http:\/\/www.gasserdaniel.ch\/index.php?rest_route=\/wp\/v2\/users\/1"}],"replies":[{"embeddable":true,"href":"http:\/\/www.gasserdaniel.ch\/index.php?rest_route=%2Fwp%2Fv2%2Fcomments&post=678"}],"version-history":[{"count":32,"href":"http:\/\/www.gasserdaniel.ch\/index.php?rest_route=\/wp\/v2\/posts\/678\/revisions"}],"predecessor-version":[{"id":794,"href":"http:\/\/www.gasserdaniel.ch\/index.php?rest_route=\/wp\/v2\/posts\/678\/revisions\/794"}],"wp:attachment":[{"href":"http:\/\/www.gasserdaniel.ch\/index.php?rest_route=%2Fwp%2Fv2%2Fmedia&parent=678"}],"wp:term":[{"taxonomy":"category","embeddable":true,"href":"http:\/\/www.gasserdaniel.ch\/index.php?rest_route=%2Fwp%2Fv2%2Fcategories&post=678"},{"taxonomy":"post_tag","embeddable":true,"href":"http:\/\/www.gasserdaniel.ch\/index.php?rest_route=%2Fwp%2Fv2%2Ftags&post=678"}],"curies":[{"name":"wp","href":"https:\/\/api.w.org\/{rel}","templated":true}]}}