{"id":654,"date":"2012-03-19T08:59:10","date_gmt":"2012-03-19T08:59:10","guid":{"rendered":"http:\/\/www.gasserdaniel.ch\/?p=654"},"modified":"2012-03-19T08:59:10","modified_gmt":"2012-03-19T08:59:10","slug":"uber-fusionsturbos-und-polemik","status":"publish","type":"post","link":"http:\/\/www.gasserdaniel.ch\/?p=654","title":{"rendered":"\u00dcber Fusionsturbos und Polemik"},"content":{"rendered":"<h4>Die SVP Ebikon ist in den Wahlkampf um den Sitz des Gemeindepr\u00e4sidenten in Ebikon eingestiegen, dies gleich mit Pauken und Trompeten.<\/h4>\n<p>Sehr erstaunt habe ich heute Morgen der Neuen Luzerner Zeitung entnommen, dass ich ein &#8222;Fusionsturbo&#8220; bin. Dies hat mich doch sehr besch\u00e4ftigt. Wie um Gottes Willen kommt die SVP zu dieser Aussage?<\/p>\n<p>Eigentlich kann ich nur davon ausgehen, dass man versucht mich zu diskreditieren, damit der eigene Kandidat besser dasteht. Denn schliesslich habe ich mich weder jemals f\u00fcr eine Fusion eingesetzt, noch in einem Komitee zu diesem Thema mitgearbeitet.<\/p>\n<ul>\n<li>Fakt ist, dass mich das Thema Fusion emotional sehr belastet hat. Seit 44 Jahren liegt mir diese Gemeinde zutiefst am Herzen. Dies habe ich w\u00e4hrend Jahrzehnten in verschiedensten Vereinen, Organisationen und im Beruf\u00a0 mehrfach bewiesen. In dieser Situation zu entscheiden, welches die beste Zukunft f\u00fcr Ebikon ist, fiel mir sehr schwer.<\/li>\n<li>Gleichzeitig habe ich als Offizier, als Bereichsleiter, als Dirigent und nicht zuletzt als Lehrer gelernt, wichtige Entscheide aufgrund einer vertieften Kenntnis der Fakten zu f\u00e4llen und nicht fr\u00fchzeitig Optionen und Handlungsspielraum zu verbauen. Aus diesen Gr\u00fcnden war ich bereit den definitiven Entscheid 2014 zu f\u00e4llen.<\/li>\n<\/ul>\n<p>Diese beiden Punkte habe ich an der Parteiversammlung vom 7. September 2011 als Meinung kundgetan.<\/p>\n<p>Mich aufgrund dieser \u00c4usserung\u00a0zum Fusionsturbo zu stempeln, finde ich sehr provozierend. Es entspricht absolut nicht meiner Wertehaltung von Respekt und offener Kommunkation. Sind es nicht im Gegenteil solche Aussagen, welche zu Politikverdrossenheit in der Bev\u00f6lkerung f\u00fchren (&#8222;man kann der Politik ja nicht mehr vertrauen&#8220;).<\/p>\n<p>Liebe \u00c4bikerinnen und \u00c4biker entscheiden Sie am 6. Mai an der Urne, welche Form von Kommunikation Sie in Zukunft in unserer Gemeinde wollen.<\/p>\n<p>&nbsp;<\/p>\n","protected":false},"excerpt":{"rendered":"<p>Die SVP Ebikon ist in den Wahlkampf um den Sitz des Gemeindepr\u00e4sidenten in Ebikon eingestiegen, dies gleich mit Pauken und Trompeten. Sehr erstaunt habe ich heute Morgen der Neuen Luzerner Zeitung entnommen, dass ich ein &#8222;Fusionsturbo&#8220; bin. Dies hat mich &hellip; <a href=\"http:\/\/www.gasserdaniel.ch\/?p=654\">Weiterlesen <span class=\"meta-nav\">&rarr;<\/span><\/a><\/p>\n","protected":false},"author":1,"featured_media":0,"comment_status":"open","ping_status":"closed","sticky":false,"template":"","format":"standard","meta":{"footnotes":""},"categories":[1],"tags":[],"class_list":["post-654","post","type-post","status-publish","format-standard","hentry","category-uncategorized"],"_links":{"self":[{"href":"http:\/\/www.gasserdaniel.ch\/index.php?rest_route=\/wp\/v2\/posts\/654","targetHints":{"allow":["GET"]}}],"collection":[{"href":"http:\/\/www.gasserdaniel.ch\/index.php?rest_route=\/wp\/v2\/posts"}],"about":[{"href":"http:\/\/www.gasserdaniel.ch\/index.php?rest_route=\/wp\/v2\/types\/post"}],"author":[{"embeddable":true,"href":"http:\/\/www.gasserdaniel.ch\/index.php?rest_route=\/wp\/v2\/users\/1"}],"replies":[{"embeddable":true,"href":"http:\/\/www.gasserdaniel.ch\/index.php?rest_route=%2Fwp%2Fv2%2Fcomments&post=654"}],"version-history":[{"count":17,"href":"http:\/\/www.gasserdaniel.ch\/index.php?rest_route=\/wp\/v2\/posts\/654\/revisions"}],"predecessor-version":[{"id":671,"href":"http:\/\/www.gasserdaniel.ch\/index.php?rest_route=\/wp\/v2\/posts\/654\/revisions\/671"}],"wp:attachment":[{"href":"http:\/\/www.gasserdaniel.ch\/index.php?rest_route=%2Fwp%2Fv2%2Fmedia&parent=654"}],"wp:term":[{"taxonomy":"category","embeddable":true,"href":"http:\/\/www.gasserdaniel.ch\/index.php?rest_route=%2Fwp%2Fv2%2Fcategories&post=654"},{"taxonomy":"post_tag","embeddable":true,"href":"http:\/\/www.gasserdaniel.ch\/index.php?rest_route=%2Fwp%2Fv2%2Ftags&post=654"}],"curies":[{"name":"wp","href":"https:\/\/api.w.org\/{rel}","templated":true}]}}