{"id":633,"date":"2012-03-08T09:54:39","date_gmt":"2012-03-08T09:54:39","guid":{"rendered":"http:\/\/www.gasserdaniel.ch\/?p=633"},"modified":"2012-03-08T09:54:39","modified_gmt":"2012-03-08T09:54:39","slug":"rontaler-artikel-vom-08-03-2012","status":"publish","type":"post","link":"http:\/\/www.gasserdaniel.ch\/?p=633","title":{"rendered":"Rontaler Artikel vom 08. 03. 2012"},"content":{"rendered":"<hgroup>Besten Dank dem Rontaler f\u00fcr das Recht zur Ver\u00f6ffentlichung auf meiner Website!<\/hgroup>\n<hgroup>\u00a0<\/hgroup>\n<hgroup>\u00a0<\/p>\n<h3>CVP nominiert Kandidaten f\u00fcr das Amt im Gemeindepr\u00e4sidium<\/h3>\n<h2>Daniel Gasser soll Josef Burri \u00abbeerben\u00bb<\/h2>\n<\/hgroup>\n<p>&nbsp;<\/p>\n<div>\n<p><strong>Die CVP Ebikon will den Sitz des Gemeindepr\u00e4sidenten mit Daniel Gasser verteidigen. Er wurde am Mittwoch, 1. M\u00e4rz, \u00fcberraschend deutlich mit 70 Stimmen nominiert. Seine Gegenkandidatin Christiane Scherwey Lauber erhielt 14 Stimmen. Diskussionslos wurde Finanzvorsteher Herbert Lustenberger f\u00fcr eine weitere Amtsperiode aufgestellt.<del><\/del><\/strong><\/p>\n<p>red. Nominationsversammlungen mobilisieren immer besonders viele Leute. Das zeigte sich auch am 1. M\u00e4rz, wo sich gegen 90 Personen in der Aula des Schulhauses Wydenhof einfanden. Einleitend referierte Gesamtprojektleiter Ruedi Kummer \u00fcber das Projekt der neuen Kehrichtverbrennungsanlage Renergia in Perlen. Schwerpunkt aber bildete die Nomination des CVP-Kandidaten f\u00fcr die Nachfolge von Gemeindepr\u00e4sident Josef Burri. Parteipr\u00e4sidentin Bernadette Br\u00fcndler skizzierte einleitend kurz die Ausgangslage. Im f\u00fcnfk\u00f6pfigen Gemeinderat treten vier Bisherige zur Wiederwahl an. Der CVP-Vorstand hat schon fr\u00fcher beschlossen, den Sitz des Gemeindepr\u00e4sidenten zu verteidigen.<\/p>\n<p><strong>Lustenberger unbestritten nominiert<\/strong><br \/>\nUnbestritten war an der Parteiversammlung die Nomination von Finanzvorsteher Herbert Lustenberger. Dieser stellte sich zuerst kurz vor und zeigte in seinen Ausf\u00fchrungen auf, wie sich die finanzielle Situation von Ebikon in den letzten Jahren entscheidend verbessert hat. Die n\u00e4chste Legislaturperiode werde allerdings herausforderungsreich, sagte Herbert Lustenberger. Es gelte eine gesunde Balance zu finden zwischen den zahlreichen Begehrlichkeiten und dem finanziell M\u00f6glichen. Die Versammlung sprach dem Finanzvorsteher das Vertrauen aus und nominierte den CVP-Kandidaten anschliessend praktisch einstimmig.<\/p>\n<p><strong>Kulureller Br\u00fcckenbauer<\/strong><br \/>\nSpannender verlief die Nomination des Kandidaten f\u00fcrs Gemeindepr\u00e4sidium. Zuerst stellte sich Daniel Gasser (44) vor. Er ist verheiratet, seit sieben Jahren Leiter der Musikschule Ebikon und hat letztes Jahr die Wahl in den Kantonsrat nur knapp verpasst. Daniel Gasser ist in Ebikon aufgewachsen und war beruflich auch fast immer hier t\u00e4tig. Er bringe die n\u00f6tige F\u00fchrungserfahrung f\u00fcr das Amt des Gemeindepr\u00e4sidenten mit, betonte Daniel Gasser. Ihm sei sehr wichtig, dass die Gemeinde auch weiterhin Budgetdisziplin zeige. Er verstehe sich zudem als Br\u00fcckenbauer zu den Jugendlichen und zur Kultur.<\/p>\n<p><strong>Ausw\u00e4rtige Gegenkandidatin<\/strong><br \/>\nAnschliessend stellte sich auch Christiane Scherwey Lauber (44) vor. Sie stammt aus einer politisch engagierten Fribourger Familie und ist mit ihrem Mann und den beiden Kindern erst vor kurzem von Gisikon nach Ebikon gezogen. In Gisikon ist sie im Moment noch Sozialvorsteherin. Sie habe sich gut \u00fcberlegt, als Neuzugezogene zu kandidieren, betonte Christiane Scherwey Lauber. Aber sie denke, sie verf\u00fcge \u00fcber eine gute Exekutiverfahrung, sei im Rontal breit vernetzt, habe ein gutes Verhandlungs- und Politgesp\u00fcr und \u2013 last but not least \u2013 sie sei eine Frau.<\/p>\n<p><strong>Klarer Entscheid<br \/>\n<\/strong>Im Anschluss an diese beiden Vorstellungen setzte sich Robert H\u00e4ller f\u00fcr Daniel Gasser und der Gisikoner Gemeinderat Josef L\u00f6tscher f\u00fcr Christiane Scherwey Lauber ein. Bevor die Versammlung frei und offen \u00fcber die beiden Kandidaten diskutierte, verliessen diese den Saal. In dieser Diskussion zeigte sich, dass die F\u00fchrungserfahrung von Daniel Gasser, seine breite Vernetzung und sein langj\u00e4hrige Engagement in Dorfvereinen und Gruppierungen mehr wiegen als der \u00abFrauenbonus\u00bb von Christiane Scherwey Lauber. Es war darum nicht erstaunlich, dass in der geheimen Abstimmung von 86 Anwesenden 70 f\u00fcr Daniel Gasser und nur 14 f\u00fcr Christiane Scherwey Lauber votierten (bei 2 ung\u00fcltigen Stimmen). Schliesslich gab die Versammlung dem CVP-Pr\u00e4sidium auch die Kompetenz, f\u00fcr die Gestaltung der Wahllisten \u2013 falls erforderlich \u2013 mit anderen Parteien zusammenzuarbeiten. Die Gemeinderatswahl findet in Ebikon am 6. Mai statt. \u00a0(Text: Beat Baumgartner)<\/p>\n<p><strong>Kandidatenvorstellung<br \/>\n<\/strong>Anl\u00e4sslich der bevorstehenden Gemeinderatswahlen stellt der \u00abRontaler\u00bb die verschiedenen Kandidaten der Rontaler Gemeinden in Kurzportr\u00e4ts vor. Daniel Gasser stellte sich unseren Fragen.<strong><\/strong><\/p>\n<p>&nbsp;<\/p>\n<h1><strong>Portrait<\/strong><\/h1>\n<p><strong>Daniel Gasser<\/strong><\/p>\n<p><strong>Geburtstag: <\/strong>14.07.1967<br \/>\n<strong>Wohnort:<\/strong> Ebikon<br \/>\n<strong>Interessen: <\/strong>Politik, Kultur, Sport<br \/>\n<strong>Partei: <\/strong>Christliche Volkspartei<br \/>\n<strong>Politisch aktiv seit:<\/strong> 2008<a href=\"http:\/\/www.gasserdaniel.ch\/?attachment_id=5171\" rel=\"attachment wp-att-5171\"><img loading=\"lazy\" decoding=\"async\" class=\"alignleft\" title=\"RO10_1403_gasser_daniel\" src=\"http:\/\/www.rontaler.ch\/wp-content\/uploads\/2012\/03\/RO10_1403_gasser_daniel-199x300.jpg\" alt=\"\" width=\"199\" height=\"300\" \/><\/a><\/p>\n<p>Daniel Gasser | Bild pd<\/p>\n<p>&nbsp;<\/p>\n<p><strong>Welche politischen Ziele werden Sie forcieren, sofern Sie gew\u00e4hlt werden?<\/strong><br \/>\nF\u00fcr mich sind Werte wie offene Kommunikation und respektvoller Umgang sehr wichtig. Diese Haltung will ich auch in den Gemeinderat und in den Begegnungen mit den Ebikonerinnen und Ebikonern einbringen.<\/p>\n<p><strong>Was sind die gr\u00f6ssten Baustellen, welche Sie als Gemeindepr\u00e4sident in Ebikon erwarten?<\/strong><br \/>\nBauen bedeutet, dass auf einem guten Fundament Raum f\u00fcr Neues entsteht. Ich stehe ein f\u00fcr eine weiterhin finanziell gesunde Ausrichtung, f\u00fcr ein moderates Wachstum und f\u00fcr einen attraktiven Ortskern als Treffpunkt f\u00fcr die Bev\u00f6lkerung.<\/p>\n<p><strong>Wo sehen Sie die gr\u00f6ssten Zukunftsperspektiven f\u00fcr Ebikon?<\/strong><br \/>\nIch lebe gern in Ebikon und m\u00f6chte, dass die Lebensqualit\u00e4t in unserem Dorf weiter verbessert wird. Um dies zu erreichen, m\u00fcssen wir in den drei Bereichen Wohnen, Arbeit und Freizeit attraktiv sein. Speziell auch der F\u00f6rderung des altersgerechten Wohnens muss in Zukunft Rechnung getragen werden.<\/p>\n<p><strong>Wie wollen Sie die zuk\u00fcnftigen finanziellen Herausforderungen Ebikons meistern? (Stichwort Budget)<\/strong><br \/>\nDer Steuerfuss soll im jetzigen Bereich bleiben, innovative und ertragreiche Wirtschaftsbereiche unterst\u00fctzt und gef\u00f6rdert, Ausgaben kritisch hinterfragt werden. Mit Herbert Lustenberger, als sehr erfahrenem Leiter Finanzen, wird dies dem Gemeinderat bestimmt weiterhin gelingen.<\/p>\n<p><strong>Wieso denken Sie, dass Sie die richtige Wahl sind f\u00fcr das Amt im Gemeindepr\u00e4sidium?<\/strong><br \/>\nIch habe Herzblut und viel Energie, welche ich f\u00fcr Ebikon einsetzen will. Durch meine berufliche und politische T\u00e4tigkeit sowie meine verschiedenen Vereins-Engagements kenne ich sehr viele Einwohnerinnen und Einwohner aller Alterskategorien sehr gut. Auch nehme ich seit mehr als 20 Jahren F\u00fchrungsaufgaben wahr.<\/p>\n<p><strong>Wie stellen Sie sich die Zusammenarbeit mit den anderen Parteien vor?<\/strong><br \/>\nDie Parteien sind Spiegel unserer Gesellschaft und in der politischen Diskussion sehr bedeutend. Ein regelm\u00e4ssiger Austausch zum gegenseitigen Verst\u00e4ndnis und konstruktiver Zusammenarbeit ist mir deshalb wichtig. So finden sich bei Uneinigkeiten am runden Tisch gute Kompromisse und L\u00f6sungen.<\/p>\n<p>Die Fragen stellte Elia Saeed<\/p>\n<\/div>\n","protected":false},"excerpt":{"rendered":"<p>Besten Dank dem Rontaler f\u00fcr das Recht zur Ver\u00f6ffentlichung auf meiner Website! \u00a0 \u00a0 CVP nominiert Kandidaten f\u00fcr das Amt im Gemeindepr\u00e4sidium Daniel Gasser soll Josef Burri \u00abbeerben\u00bb &nbsp; Die CVP Ebikon will den Sitz des Gemeindepr\u00e4sidenten mit Daniel Gasser &hellip; <a href=\"http:\/\/www.gasserdaniel.ch\/?p=633\">Weiterlesen <span class=\"meta-nav\">&rarr;<\/span><\/a><\/p>\n","protected":false},"author":1,"featured_media":0,"comment_status":"open","ping_status":"closed","sticky":false,"template":"","format":"standard","meta":{"footnotes":""},"categories":[1],"tags":[],"class_list":["post-633","post","type-post","status-publish","format-standard","hentry","category-uncategorized"],"_links":{"self":[{"href":"http:\/\/www.gasserdaniel.ch\/index.php?rest_route=\/wp\/v2\/posts\/633","targetHints":{"allow":["GET"]}}],"collection":[{"href":"http:\/\/www.gasserdaniel.ch\/index.php?rest_route=\/wp\/v2\/posts"}],"about":[{"href":"http:\/\/www.gasserdaniel.ch\/index.php?rest_route=\/wp\/v2\/types\/post"}],"author":[{"embeddable":true,"href":"http:\/\/www.gasserdaniel.ch\/index.php?rest_route=\/wp\/v2\/users\/1"}],"replies":[{"embeddable":true,"href":"http:\/\/www.gasserdaniel.ch\/index.php?rest_route=%2Fwp%2Fv2%2Fcomments&post=633"}],"version-history":[{"count":20,"href":"http:\/\/www.gasserdaniel.ch\/index.php?rest_route=\/wp\/v2\/posts\/633\/revisions"}],"predecessor-version":[{"id":653,"href":"http:\/\/www.gasserdaniel.ch\/index.php?rest_route=\/wp\/v2\/posts\/633\/revisions\/653"}],"wp:attachment":[{"href":"http:\/\/www.gasserdaniel.ch\/index.php?rest_route=%2Fwp%2Fv2%2Fmedia&parent=633"}],"wp:term":[{"taxonomy":"category","embeddable":true,"href":"http:\/\/www.gasserdaniel.ch\/index.php?rest_route=%2Fwp%2Fv2%2Fcategories&post=633"},{"taxonomy":"post_tag","embeddable":true,"href":"http:\/\/www.gasserdaniel.ch\/index.php?rest_route=%2Fwp%2Fv2%2Ftags&post=633"}],"curies":[{"name":"wp","href":"https:\/\/api.w.org\/{rel}","templated":true}]}}