{"id":612,"date":"2012-02-15T08:57:28","date_gmt":"2012-02-15T08:57:28","guid":{"rendered":"http:\/\/www.gasserdaniel.ch\/?p=612"},"modified":"2012-03-06T06:54:00","modified_gmt":"2012-03-06T06:54:00","slug":"ja-ich-kandidiere-gemeinderatswahlen-2012","status":"publish","type":"post","link":"http:\/\/www.gasserdaniel.ch\/?p=612","title":{"rendered":"Ja, ich kandidiere &#8211; Gemeinderatswahlen 2012"},"content":{"rendered":"<p>Nachdem ich seit letztem Herbst von verschiedener Seite auf das Amt des Gemeindepr\u00e4sidenten angesprochen wurde, habe ich mich intensiv mit diesem Gedanken auseinandergesetzt. Ich habe mich entschieden, diese Herausforderung anzunehmen und stelle mich an der Parteiversammlung vom 1. M\u00e4rz zur parteiinternen Nomination.<\/p>\n<p>Zus\u00e4tzlich zu meiner Kandidatur wird noch eine zweite Person zur Wahl aufgestellt.<\/p>\n<p>An diesem Anlass entscheiden die anwesenden CVP-Mitglieder, wer von der Partei offiziell als Kandidat den B\u00fcrgerinnen und B\u00fcrgern am 6. Mai zur Wahl vorgeschlagen wird.<\/p>\n<p><strong>Datum:<\/strong>\u00a0\u00a0\u00a0\u00a0\u00a0 01. M\u00e4rz 2012<\/p>\n<p><strong>Zeit:\u00a0 <\/strong>\u00a0\u00a0\u00a0\u00a0\u00a0\u00a0\u00a0\u00a0 19.30 Uhr<\/p>\n<p><strong>Ort:\u00a0\u00a0 <\/strong>\u00a0\u00a0\u00a0\u00a0\u00a0\u00a0\u00a0\u00a0 Aula Wydenhof<\/p>\n<p>Bereits jetzt darf ich wieder auf die Unterst\u00fctzung von Personen z\u00e4hlen, die sich schon bei meiner Kandidatur f\u00fcr die Kantonsratswahlen vom letzten Fr\u00fchling f\u00fcr mich engagiert haben, so zum Beispiel Robi H\u00e4ller und Kurt Sidler. Selbstverst\u00e4ndlich freue ich mich \u00fcber jede weitere Unterst\u00fctzung.<\/p>\n<p>&nbsp;<\/p>\n","protected":false},"excerpt":{"rendered":"<p>Nachdem ich seit letztem Herbst von verschiedener Seite auf das Amt des Gemeindepr\u00e4sidenten angesprochen wurde, habe ich mich intensiv mit diesem Gedanken auseinandergesetzt. Ich habe mich entschieden, diese Herausforderung anzunehmen und stelle mich an der Parteiversammlung vom 1. M\u00e4rz zur &hellip; <a href=\"http:\/\/www.gasserdaniel.ch\/?p=612\">Weiterlesen <span class=\"meta-nav\">&rarr;<\/span><\/a><\/p>\n","protected":false},"author":1,"featured_media":0,"comment_status":"open","ping_status":"closed","sticky":false,"template":"","format":"standard","meta":{"footnotes":""},"categories":[1],"tags":[],"class_list":["post-612","post","type-post","status-publish","format-standard","hentry","category-uncategorized"],"_links":{"self":[{"href":"http:\/\/www.gasserdaniel.ch\/index.php?rest_route=\/wp\/v2\/posts\/612","targetHints":{"allow":["GET"]}}],"collection":[{"href":"http:\/\/www.gasserdaniel.ch\/index.php?rest_route=\/wp\/v2\/posts"}],"about":[{"href":"http:\/\/www.gasserdaniel.ch\/index.php?rest_route=\/wp\/v2\/types\/post"}],"author":[{"embeddable":true,"href":"http:\/\/www.gasserdaniel.ch\/index.php?rest_route=\/wp\/v2\/users\/1"}],"replies":[{"embeddable":true,"href":"http:\/\/www.gasserdaniel.ch\/index.php?rest_route=%2Fwp%2Fv2%2Fcomments&post=612"}],"version-history":[{"count":9,"href":"http:\/\/www.gasserdaniel.ch\/index.php?rest_route=\/wp\/v2\/posts\/612\/revisions"}],"predecessor-version":[{"id":632,"href":"http:\/\/www.gasserdaniel.ch\/index.php?rest_route=\/wp\/v2\/posts\/612\/revisions\/632"}],"wp:attachment":[{"href":"http:\/\/www.gasserdaniel.ch\/index.php?rest_route=%2Fwp%2Fv2%2Fmedia&parent=612"}],"wp:term":[{"taxonomy":"category","embeddable":true,"href":"http:\/\/www.gasserdaniel.ch\/index.php?rest_route=%2Fwp%2Fv2%2Fcategories&post=612"},{"taxonomy":"post_tag","embeddable":true,"href":"http:\/\/www.gasserdaniel.ch\/index.php?rest_route=%2Fwp%2Fv2%2Ftags&post=612"}],"curies":[{"name":"wp","href":"https:\/\/api.w.org\/{rel}","templated":true}]}}