{"id":510,"date":"2011-09-20T06:42:39","date_gmt":"2011-09-20T06:42:39","guid":{"rendered":"http:\/\/www.gasserdaniel.ch\/?p=510"},"modified":"2011-09-20T06:42:39","modified_gmt":"2011-09-20T06:42:39","slug":"pius-zangerle-starkt-luzern-in-bern","status":"publish","type":"post","link":"http:\/\/www.gasserdaniel.ch\/?p=510","title":{"rendered":"Pius Z\u00e4ngerle st\u00e4rkt Luzern in Bern"},"content":{"rendered":"<p>Diesen Herbst stehen\u00a0wieder die Nationalratswahlen an. Einer unserer Kandidaten ist Pius Z\u00e4ngerle.\u00a0<\/p>\n<p>Ich habe Pius Z\u00e4ngerle als engagierten, begeisternden Redner, als K\u00e4mpfer und Krampfer\u00a0und als intelligenten und sympathischen Menschen kennengelernt.<\/p>\n<p>Mit seiner Arbeit in verschiedensten Bereichen engagiert er sich intensiv f\u00fcr die Zukunft des Kantons Luzern. So setzt er sich zum Beispiel f\u00fcr den Tiefbahnhof, als KKL-Pr\u00e4sident f\u00fcr Luzern als Tourismus- und Kulturstadt oder als Pr\u00e4sident des lokalen Entwicklungstr\u00e4gers LuzernPlus f\u00fcr wirksame Regionalpolitik im Kanton Luzern ein.\u00a0 Sein Einsatz in all diesen Bereichen \u00fcberzeugt mich. Deshalb empfehle ich\u00a0Euch Pius Z\u00e4ngerle zur Wahl als Nationalrat.<\/p>\n<p><a href=\"http:\/\/www.gasserdaniel.ch\/wp-content\/uploads\/2011\/09\/PZ_0330.jpg\"><img loading=\"lazy\" decoding=\"async\" class=\"alignleft size-medium wp-image-515\" title=\"PZ_0330\" src=\"http:\/\/www.gasserdaniel.ch\/wp-content\/uploads\/2011\/09\/PZ_0330-199x300.jpg\" alt=\"\" width=\"199\" height=\"300\" srcset=\"http:\/\/www.gasserdaniel.ch\/wp-content\/uploads\/2011\/09\/PZ_0330-199x300.jpg 199w, http:\/\/www.gasserdaniel.ch\/wp-content\/uploads\/2011\/09\/PZ_0330-682x1024.jpg 682w, http:\/\/www.gasserdaniel.ch\/wp-content\/uploads\/2011\/09\/PZ_0330-99x150.jpg 99w, http:\/\/www.gasserdaniel.ch\/wp-content\/uploads\/2011\/09\/PZ_0330.jpg 1181w\" sizes=\"auto, (max-width: 199px) 100vw, 199px\" \/><\/a>Indirekt unterst\u00fctzt Du\u00a0damit auch weiterhin meine Kantonsratskandidatur. Denn falls Pius Z\u00e4ngerle gew\u00e4hlt wird, er\u00f6ffnet mir dies gleichzeitig die Chance, f\u00fcr ihn als ersten Ersatz im Kantonsrat nachzurutschen.<\/p>\n<p>Ich w\u00fcnsche mir f\u00fcr diesen Herbst, dass viele Politiker\u00a0mit seinem Format\u00a0gew\u00e4hlt werden. Leider gibt es zu viele Nationalr\u00e4te, welche sich ihrer Verantwortung gegen\u00fcber der Schweiz als Ganzes zu wenig bewusst sind und sich als Vertreter einzelner Interessen einspannen lassen.<\/p>\n<p>Gleichzeitig\u00a0hoffe ich aber auch, dass mehr W\u00e4hler an die Urne gehen. Im arabischen Fr\u00fchling sterben Menschen zu hunderten, um ein wenig Demokratie zu erlangen, bei uns war die Wahlbeteiligung bei den letzten Wahlen gerade mal 49%.<\/p>\n<p>Wer sich \u00fcbrigens nicht sicher ist, wen man w\u00e4hlen soll, hier wieder einmal der Hinweis auf &#8222;Smartvote&#8220;.<\/p>\n<p><a href=\"http:\/\/www.smartvote.ch\">www.smartvote.ch<\/a><\/p>\n<p>Und nat\u00fcrlich einen Link zu Pius Z\u00e4ngerle:<\/p>\n<p><a href=\"http:\/\/www.zaengerle-politik.ch\/\">www.zaengerle-politik.ch<\/a><\/p>\n<p>&nbsp;<\/p>\n","protected":false},"excerpt":{"rendered":"<p>Diesen Herbst stehen\u00a0wieder die Nationalratswahlen an. Einer unserer Kandidaten ist Pius Z\u00e4ngerle.\u00a0 Ich habe Pius Z\u00e4ngerle als engagierten, begeisternden Redner, als K\u00e4mpfer und Krampfer\u00a0und als intelligenten und sympathischen Menschen kennengelernt. Mit seiner Arbeit in verschiedensten Bereichen engagiert er sich intensiv &hellip; <a href=\"http:\/\/www.gasserdaniel.ch\/?p=510\">Weiterlesen <span class=\"meta-nav\">&rarr;<\/span><\/a><\/p>\n","protected":false},"author":1,"featured_media":0,"comment_status":"open","ping_status":"closed","sticky":false,"template":"","format":"standard","meta":{"footnotes":""},"categories":[1],"tags":[],"class_list":["post-510","post","type-post","status-publish","format-standard","hentry","category-uncategorized"],"_links":{"self":[{"href":"http:\/\/www.gasserdaniel.ch\/index.php?rest_route=\/wp\/v2\/posts\/510","targetHints":{"allow":["GET"]}}],"collection":[{"href":"http:\/\/www.gasserdaniel.ch\/index.php?rest_route=\/wp\/v2\/posts"}],"about":[{"href":"http:\/\/www.gasserdaniel.ch\/index.php?rest_route=\/wp\/v2\/types\/post"}],"author":[{"embeddable":true,"href":"http:\/\/www.gasserdaniel.ch\/index.php?rest_route=\/wp\/v2\/users\/1"}],"replies":[{"embeddable":true,"href":"http:\/\/www.gasserdaniel.ch\/index.php?rest_route=%2Fwp%2Fv2%2Fcomments&post=510"}],"version-history":[{"count":27,"href":"http:\/\/www.gasserdaniel.ch\/index.php?rest_route=\/wp\/v2\/posts\/510\/revisions"}],"predecessor-version":[{"id":538,"href":"http:\/\/www.gasserdaniel.ch\/index.php?rest_route=\/wp\/v2\/posts\/510\/revisions\/538"}],"wp:attachment":[{"href":"http:\/\/www.gasserdaniel.ch\/index.php?rest_route=%2Fwp%2Fv2%2Fmedia&parent=510"}],"wp:term":[{"taxonomy":"category","embeddable":true,"href":"http:\/\/www.gasserdaniel.ch\/index.php?rest_route=%2Fwp%2Fv2%2Fcategories&post=510"},{"taxonomy":"post_tag","embeddable":true,"href":"http:\/\/www.gasserdaniel.ch\/index.php?rest_route=%2Fwp%2Fv2%2Ftags&post=510"}],"curies":[{"name":"wp","href":"https:\/\/api.w.org\/{rel}","templated":true}]}}