{"id":322,"date":"2011-05-05T14:23:01","date_gmt":"2011-05-05T14:23:01","guid":{"rendered":"http:\/\/www.gasserdaniel.ch\/?p=322"},"modified":"2011-05-05T14:23:01","modified_gmt":"2011-05-05T14:23:01","slug":"harmos-durch-die-hintertur","status":"publish","type":"post","link":"http:\/\/www.gasserdaniel.ch\/?p=322","title":{"rendered":"Harmos durch die Hintert\u00fcr"},"content":{"rendered":"<h4><a href=\"javascript:close();\"><\/a><strong>ist ein unglaublich irref\u00fchrender Titel.<\/strong><\/h4>\n<p><strong><a href=\"http:\/\/www.gasserdaniel.ch\/wp-content\/uploads\/2011\/05\/header1_11d2aa56f5.jpg\"><img loading=\"lazy\" decoding=\"async\" class=\"aligncenter size-full wp-image-328\" title=\"header1_11d2aa56f5\" src=\"http:\/\/www.gasserdaniel.ch\/wp-content\/uploads\/2011\/05\/header1_11d2aa56f5.jpg\" alt=\"\" width=\"876\" height=\"257\" srcset=\"http:\/\/www.gasserdaniel.ch\/wp-content\/uploads\/2011\/05\/header1_11d2aa56f5.jpg 876w, http:\/\/www.gasserdaniel.ch\/wp-content\/uploads\/2011\/05\/header1_11d2aa56f5-300x88.jpg 300w, http:\/\/www.gasserdaniel.ch\/wp-content\/uploads\/2011\/05\/header1_11d2aa56f5-150x44.jpg 150w\" sizes=\"auto, (max-width: 876px) 100vw, 876px\" \/><\/a><\/strong><\/p>\n<p><strong><a href=\"http:\/\/www.gasserdaniel.ch\/wp-content\/uploads\/2011\/05\/harmos-hintertuere.jpg\"><img loading=\"lazy\" decoding=\"async\" class=\"alignleft size-full wp-image-325\" title=\"harmos-hintertuere\" src=\"http:\/\/www.gasserdaniel.ch\/wp-content\/uploads\/2011\/05\/harmos-hintertuere.jpg\" alt=\"\" width=\"148\" height=\"210\" srcset=\"http:\/\/www.gasserdaniel.ch\/wp-content\/uploads\/2011\/05\/harmos-hintertuere.jpg 185w, http:\/\/www.gasserdaniel.ch\/wp-content\/uploads\/2011\/05\/harmos-hintertuere-105x150.jpg 105w\" sizes=\"auto, (max-width: 148px) 100vw, 148px\" \/><\/a><\/strong><\/p>\n<p><a href=\"http:\/\/www.gasserdaniel.ch\/wp-content\/uploads\/2011\/05\/harmos-hintertuere.jpg\"><\/a>Obwohl ich manchmal froh bin, dass die SVP schwierige Themen zur Diskussion bringt, \u00fcberspannt sie diesmal den Bogen total. Die weinenden Kinder sind zwar ein super Eye-Catcher und dr\u00fccken voll auf die Emotionsdr\u00fcse, mit dem Sachverhalt haben sie aber nichts zu tun.<\/p>\n<p>Dass die Abstimmung vom 15. Mai Harmos durch die Hintert\u00fcr einf\u00fchren soll, ist schlichtweg falsch und dient einzig dazu parteipolitische Polemik zu betreiben. Das finde ich echt schade.<\/p>\n<p>Zudem werden diesmal die Fakten verdreht:<\/p>\n<h4>Die ersten 2 Fakten sind richtig&#8230;.<\/h4>\n<h4>Die Weiteren verdrehen die Wahrheit:<\/h4>\n<p><a href=\"http:\/\/www.gasserdaniel.ch\/wp-content\/uploads\/2011\/05\/flyer-harmos-kopie.jpg\"><img loading=\"lazy\" decoding=\"async\" class=\"alignleft size-medium wp-image-341\" title=\"flyer-harmos-kopie\" src=\"http:\/\/www.gasserdaniel.ch\/wp-content\/uploads\/2011\/05\/flyer-harmos-kopie-300x295.jpg\" alt=\"\" width=\"300\" height=\"295\" srcset=\"http:\/\/www.gasserdaniel.ch\/wp-content\/uploads\/2011\/05\/flyer-harmos-kopie-300x295.jpg 300w, http:\/\/www.gasserdaniel.ch\/wp-content\/uploads\/2011\/05\/flyer-harmos-kopie-1024x1009.jpg 1024w, http:\/\/www.gasserdaniel.ch\/wp-content\/uploads\/2011\/05\/flyer-harmos-kopie-150x147.jpg 150w, http:\/\/www.gasserdaniel.ch\/wp-content\/uploads\/2011\/05\/flyer-harmos-kopie.jpg 1204w\" sizes=\"auto, (max-width: 300px) 100vw, 300px\" \/><\/a><\/p>\n<ol>\n<li>Der Kindergarten wird nicht abgeschafft, es wird im Gegenteil ein freiwilliges\u00a0zweites Kindergartenjahr eingef\u00fchrt. Der Entscheid dazu liegt alleine bei den Eltern.<\/li>\n<li>Es geht nicht darum weitere Bildungsexperimente durchzuf\u00fchren, sondern die Kinder gem\u00e4ss ihren St\u00e4rken und Schw\u00e4chen zu f\u00f6rdern.<\/li>\n<li>Das Volksschulbildungsgesetz f\u00fchrt nicht zu Mehrkosten, im Gegenteil es entlastet endlich einmal die Gemeinden.<\/li>\n<\/ol>\n<p>Wer sich objektiv informieren will, findet <a href=\"http:\/\/zeitgemaesse-schulen.ch\/\" target=\"_blank\">hier <\/a>die n\u00f6tigen Grundlagen. Erstaunlich f\u00fcr einmal, dass sich alle Bildungsexperten, Bildungsinstitutionen, alle linken und mittleren Parteien einig sind und trotzdem von rechter Seite so ein Aufwand betrieben wird, diese Gesetzes\u00e4nderung zu Fall zu bringen.<\/p>\n","protected":false},"excerpt":{"rendered":"<p>ist ein unglaublich irref\u00fchrender Titel. Obwohl ich manchmal froh bin, dass die SVP schwierige Themen zur Diskussion bringt, \u00fcberspannt sie diesmal den Bogen total. Die weinenden Kinder sind zwar ein super Eye-Catcher und dr\u00fccken voll auf die Emotionsdr\u00fcse, mit dem &hellip; <a href=\"http:\/\/www.gasserdaniel.ch\/?p=322\">Weiterlesen <span class=\"meta-nav\">&rarr;<\/span><\/a><\/p>\n","protected":false},"author":1,"featured_media":328,"comment_status":"open","ping_status":"closed","sticky":false,"template":"","format":"standard","meta":{"footnotes":""},"categories":[1],"tags":[],"class_list":["post-322","post","type-post","status-publish","format-standard","has-post-thumbnail","hentry","category-uncategorized"],"_links":{"self":[{"href":"http:\/\/www.gasserdaniel.ch\/index.php?rest_route=\/wp\/v2\/posts\/322","targetHints":{"allow":["GET"]}}],"collection":[{"href":"http:\/\/www.gasserdaniel.ch\/index.php?rest_route=\/wp\/v2\/posts"}],"about":[{"href":"http:\/\/www.gasserdaniel.ch\/index.php?rest_route=\/wp\/v2\/types\/post"}],"author":[{"embeddable":true,"href":"http:\/\/www.gasserdaniel.ch\/index.php?rest_route=\/wp\/v2\/users\/1"}],"replies":[{"embeddable":true,"href":"http:\/\/www.gasserdaniel.ch\/index.php?rest_route=%2Fwp%2Fv2%2Fcomments&post=322"}],"version-history":[{"count":24,"href":"http:\/\/www.gasserdaniel.ch\/index.php?rest_route=\/wp\/v2\/posts\/322\/revisions"}],"predecessor-version":[{"id":350,"href":"http:\/\/www.gasserdaniel.ch\/index.php?rest_route=\/wp\/v2\/posts\/322\/revisions\/350"}],"wp:featuredmedia":[{"embeddable":true,"href":"http:\/\/www.gasserdaniel.ch\/index.php?rest_route=\/wp\/v2\/media\/328"}],"wp:attachment":[{"href":"http:\/\/www.gasserdaniel.ch\/index.php?rest_route=%2Fwp%2Fv2%2Fmedia&parent=322"}],"wp:term":[{"taxonomy":"category","embeddable":true,"href":"http:\/\/www.gasserdaniel.ch\/index.php?rest_route=%2Fwp%2Fv2%2Fcategories&post=322"},{"taxonomy":"post_tag","embeddable":true,"href":"http:\/\/www.gasserdaniel.ch\/index.php?rest_route=%2Fwp%2Fv2%2Ftags&post=322"}],"curies":[{"name":"wp","href":"https:\/\/api.w.org\/{rel}","templated":true}]}}