{"id":287,"date":"2011-04-07T09:49:02","date_gmt":"2011-04-07T09:49:02","guid":{"rendered":"http:\/\/www.gasserdaniel.ch\/?p=287"},"modified":"2011-04-07T09:49:02","modified_gmt":"2011-04-07T09:49:02","slug":"stimmbeteiligung","status":"publish","type":"post","link":"http:\/\/www.gasserdaniel.ch\/?p=287","title":{"rendered":"Stimmbeteiligung?"},"content":{"rendered":"<p>Beim Durchbl\u00e4ttern der Neuen Luzerner Zeitung heute morgen musste ich best\u00fcrzt lesen, dass die Wahlbeteiligung im Kanton Luzern zwischen 36 und 38% liegen k\u00f6nnte.<\/p>\n<h2><span style=\"color: #993300;\">Dies k\u00f6nnte ja bedeuten, dass es zwei Dritteln aller Luzernern egal ist, wie unser Leben die n\u00e4chsten 4 Jahre durch den Kantonsrat gesteuert und gepr\u00e4gt\u00a0wird? <\/span><\/h2>\n<p>Oder geht es uns einfach zu gut, sind wir zu tr\u00e4ge\u00a0das Umfeld unseres Lebens aktiv mitzugestalten?\u00a0Haben wir das Gef\u00fchl, dass unsere Stimme ja sowieso nicht entscheidend ist?<\/p>\n<p>Es kann aber auch bedeuten, dass das Wahlprozedere f\u00fcr viele schwierig erscheint. Diesbez\u00fcglich habe ich doch einige R\u00fcckmeldungen erhalten.<\/p>\n<p>Deshalb hier noch einmal eine kleine Wahlhilfe.<\/p>\n<ol>\n<li>Eine der Kantonsratslisten vom grossen Block heraustrennen (idealerweise Liste CVP 1A)<\/li>\n<li>Ver\u00e4ndert oder unver\u00e4ndert ins kleine gr\u00fcne Couvert legen.<\/li>\n<li>Eine der Regierungsratslisten vom kleinen Block heraustrennen und ebenfalls ins gr\u00fcne Couvert legen.<\/li>\n<li>Den Stimmrechtsausweis unterschreiben und zusammen mit dem gr\u00fcnen Couvert ins graue Couvert legen.<\/li>\n<li>Das graue Couvert bei der Gemeindeverwaltung in den Briefkasten werfen oder per A-Post schicken.<\/li>\n<li>Und fertig<\/li>\n<\/ol>\n<p>Bitte nutzt doch Euer Recht auf Mitbestimmung und macht den letzten Schritt auch noch.<\/p>\n<p>Selbstverst\u00e4ndlich freut es mich besonders, <a href=\"http:\/\/www.gasserdaniel.ch\/?p=228\">wenn ihr mich w\u00e4hlt.<\/a><\/p>\n","protected":false},"excerpt":{"rendered":"<p>Beim Durchbl\u00e4ttern der Neuen Luzerner Zeitung heute morgen musste ich best\u00fcrzt lesen, dass die Wahlbeteiligung im Kanton Luzern zwischen 36 und 38% liegen k\u00f6nnte. Dies k\u00f6nnte ja bedeuten, dass es zwei Dritteln aller Luzernern egal ist, wie unser Leben die &hellip; <a href=\"http:\/\/www.gasserdaniel.ch\/?p=287\">Weiterlesen <span class=\"meta-nav\">&rarr;<\/span><\/a><\/p>\n","protected":false},"author":1,"featured_media":0,"comment_status":"open","ping_status":"closed","sticky":false,"template":"","format":"standard","meta":{"footnotes":""},"categories":[1],"tags":[],"class_list":["post-287","post","type-post","status-publish","format-standard","hentry","category-uncategorized"],"_links":{"self":[{"href":"http:\/\/www.gasserdaniel.ch\/index.php?rest_route=\/wp\/v2\/posts\/287","targetHints":{"allow":["GET"]}}],"collection":[{"href":"http:\/\/www.gasserdaniel.ch\/index.php?rest_route=\/wp\/v2\/posts"}],"about":[{"href":"http:\/\/www.gasserdaniel.ch\/index.php?rest_route=\/wp\/v2\/types\/post"}],"author":[{"embeddable":true,"href":"http:\/\/www.gasserdaniel.ch\/index.php?rest_route=\/wp\/v2\/users\/1"}],"replies":[{"embeddable":true,"href":"http:\/\/www.gasserdaniel.ch\/index.php?rest_route=%2Fwp%2Fv2%2Fcomments&post=287"}],"version-history":[{"count":14,"href":"http:\/\/www.gasserdaniel.ch\/index.php?rest_route=\/wp\/v2\/posts\/287\/revisions"}],"predecessor-version":[{"id":301,"href":"http:\/\/www.gasserdaniel.ch\/index.php?rest_route=\/wp\/v2\/posts\/287\/revisions\/301"}],"wp:attachment":[{"href":"http:\/\/www.gasserdaniel.ch\/index.php?rest_route=%2Fwp%2Fv2%2Fmedia&parent=287"}],"wp:term":[{"taxonomy":"category","embeddable":true,"href":"http:\/\/www.gasserdaniel.ch\/index.php?rest_route=%2Fwp%2Fv2%2Fcategories&post=287"},{"taxonomy":"post_tag","embeddable":true,"href":"http:\/\/www.gasserdaniel.ch\/index.php?rest_route=%2Fwp%2Fv2%2Ftags&post=287"}],"curies":[{"name":"wp","href":"https:\/\/api.w.org\/{rel}","templated":true}]}}