{"id":1871,"date":"2022-11-28T10:49:26","date_gmt":"2022-11-28T10:49:26","guid":{"rendered":"http:\/\/www.gasserdaniel.ch\/?p=1871"},"modified":"2022-11-28T10:56:56","modified_gmt":"2022-11-28T10:56:56","slug":"samichlaus-ebikon","status":"publish","type":"post","link":"http:\/\/www.gasserdaniel.ch\/?p=1871","title":{"rendered":"Samichlaus &#8211; Ebikon"},"content":{"rendered":"\n<p class=\"has-dark-gray-color has-text-color has-medium-font-size\"><strong>Gestern konnte der traditionelle Auszug der <a href=\"https:\/\/samichlaus-ebikon.ch\/\" data-type=\"URL\" data-id=\"https:\/\/samichlaus-ebikon.ch\/\">Samichlausgesellschaft Ebikon<\/a> wieder in gewohnter Form stattfinden. Hunderte von G\u00e4ste haben diesen wunderbaren Anlass  begleitet.<\/strong><\/p>\n\n\n\n<p>P\u00fcnktlich um 17 Uhr gehen die grossen Fl\u00fcgelt\u00fcren der Pfarrkirche St. Maria auf, festliche Musik ert\u00f6nt, die Fanfaren schmettern \u00fcber den Platz und der Samichlaus mit seiner Entourage betritt die breite Treppe. Bereits zuvor sind die Trychler und Chl\u00f6pfer, Iffelen, Tambouren, Fanfaren, Ruprechte, Diener und Schmutzlis zusammen mit den beiden Eseln Miro und Balu \u00fcber die Dorfstrasse zur Kirche gezogen.<\/p>\n\n\n\n<figure class=\"wp-block-image size-large\"><a href=\"http:\/\/www.gasserdaniel.ch\/wp-content\/uploads\/2022\/11\/Treppe.jpg\"><img loading=\"lazy\" decoding=\"async\" width=\"1024\" height=\"461\" src=\"http:\/\/www.gasserdaniel.ch\/wp-content\/uploads\/2022\/11\/Treppe-1024x461.jpg\" alt=\"\" class=\"wp-image-1873\" srcset=\"http:\/\/www.gasserdaniel.ch\/wp-content\/uploads\/2022\/11\/Treppe-1024x461.jpg 1024w, http:\/\/www.gasserdaniel.ch\/wp-content\/uploads\/2022\/11\/Treppe-300x135.jpg 300w, http:\/\/www.gasserdaniel.ch\/wp-content\/uploads\/2022\/11\/Treppe-768x346.jpg 768w, http:\/\/www.gasserdaniel.ch\/wp-content\/uploads\/2022\/11\/Treppe-1536x692.jpg 1536w, http:\/\/www.gasserdaniel.ch\/wp-content\/uploads\/2022\/11\/Treppe-500x225.jpg 500w, http:\/\/www.gasserdaniel.ch\/wp-content\/uploads\/2022\/11\/Treppe.jpg 2016w\" sizes=\"auto, (max-width: 1024px) 100vw, 1024px\" \/><\/a><figcaption class=\"wp-element-caption\">Der Samichlaus bei seiner Ansprache.<\/figcaption><\/figure>\n\n\n\n<p>Im Anschluss zieht der Umzug \u00fcber die Dorf- und Schulhaussstrasse ges\u00e4umt von hunderten begeisterter Kinderaugen zum Wydenhofschulhaus. Ein kollektiver Aufschrei begleitet das Losst\u00fcrmen der Schmutzlis.<\/p>\n\n\n<div class=\"wp-block-image\">\n<figure class=\"alignleft size-medium is-resized\"><a href=\"http:\/\/www.gasserdaniel.ch\/wp-content\/uploads\/2022\/11\/von-unten-e1669631303888.jpg\"><img loading=\"lazy\" decoding=\"async\" src=\"http:\/\/www.gasserdaniel.ch\/wp-content\/uploads\/2022\/11\/von-unten-e1669631303888-263x300.jpg\" alt=\"\" class=\"wp-image-1874\" width=\"288\" height=\"327\" srcset=\"http:\/\/www.gasserdaniel.ch\/wp-content\/uploads\/2022\/11\/von-unten-e1669631303888-263x300.jpg 263w, http:\/\/www.gasserdaniel.ch\/wp-content\/uploads\/2022\/11\/von-unten-e1669631303888-898x1024.jpg 898w, http:\/\/www.gasserdaniel.ch\/wp-content\/uploads\/2022\/11\/von-unten-e1669631303888-1347x1536.jpg 1347w, http:\/\/www.gasserdaniel.ch\/wp-content\/uploads\/2022\/11\/von-unten-e1669631303888.jpg 1536w\" sizes=\"auto, (max-width: 288px) 100vw, 288px\" \/><\/a><\/figure>\n<\/div>\n\n\n<p>Auf dem Pausenplatz Wydenhof empf\u00e4ngt der Samichlaus die Kinder und Eltern pers\u00f6nlich. <br><br>Herzlichen Dank allen Beteiligten f\u00fcr das Organisieren und den Erhalt dieses wunderbaren Kulturgutes.<br><br>In den n\u00e4chsten Tagen werden die Trychler und Chl\u00f6pfer intensiv in Ebikon unterwegs sein. <a href=\"https:\/\/samichlaus-ebikon.ch\/\" data-type=\"URL\" data-id=\"https:\/\/samichlaus-ebikon.ch\/\"><strong>Der Samichlaus<\/strong><\/a> ist am 3.\/4. und 6. Dezember unterwegs und besucht die Familien.<\/p>\n\n\n\n<figure class=\"wp-block-embed is-type-wp-embed is-provider-samichlaus-ebikon wp-block-embed-samichlaus-ebikon\"><div class=\"wp-block-embed__wrapper\">\n<blockquote class=\"wp-embedded-content\" data-secret=\"2o8G48NKep\"><a href=\"https:\/\/samichlaus-ebikon.ch\/\">Home<\/a><\/blockquote><iframe loading=\"lazy\" class=\"wp-embedded-content\" sandbox=\"allow-scripts\" security=\"restricted\" style=\"position: absolute; clip: rect(1px, 1px, 1px, 1px);\" title=\"&#171;Home&#187; &#8212; Samichlaus Ebikon\" src=\"https:\/\/samichlaus-ebikon.ch\/embed\/#?secret=kTzX8Bs2m7#?secret=2o8G48NKep\" data-secret=\"2o8G48NKep\" width=\"584\" height=\"329\" frameborder=\"0\" marginwidth=\"0\" marginheight=\"0\" scrolling=\"no\"><\/iframe>\n<\/div><\/figure>\n","protected":false},"excerpt":{"rendered":"<p>Gestern konnte der traditionelle Auszug der Samichlausgesellschaft Ebikon wieder in gewohnter Form stattfinden. Hunderte von G\u00e4ste haben diesen wunderbaren Anlass begleitet. P\u00fcnktlich um 17 Uhr gehen die grossen Fl\u00fcgelt\u00fcren der Pfarrkirche St. Maria auf, festliche Musik ert\u00f6nt, die Fanfaren schmettern &hellip; <a href=\"http:\/\/www.gasserdaniel.ch\/?p=1871\">Weiterlesen <span class=\"meta-nav\">&rarr;<\/span><\/a><\/p>\n","protected":false},"author":1,"featured_media":1872,"comment_status":"open","ping_status":"closed","sticky":false,"template":"","format":"standard","meta":{"footnotes":""},"categories":[1],"tags":[],"class_list":["post-1871","post","type-post","status-publish","format-standard","has-post-thumbnail","hentry","category-uncategorized"],"_links":{"self":[{"href":"http:\/\/www.gasserdaniel.ch\/index.php?rest_route=\/wp\/v2\/posts\/1871","targetHints":{"allow":["GET"]}}],"collection":[{"href":"http:\/\/www.gasserdaniel.ch\/index.php?rest_route=\/wp\/v2\/posts"}],"about":[{"href":"http:\/\/www.gasserdaniel.ch\/index.php?rest_route=\/wp\/v2\/types\/post"}],"author":[{"embeddable":true,"href":"http:\/\/www.gasserdaniel.ch\/index.php?rest_route=\/wp\/v2\/users\/1"}],"replies":[{"embeddable":true,"href":"http:\/\/www.gasserdaniel.ch\/index.php?rest_route=%2Fwp%2Fv2%2Fcomments&post=1871"}],"version-history":[{"count":10,"href":"http:\/\/www.gasserdaniel.ch\/index.php?rest_route=\/wp\/v2\/posts\/1871\/revisions"}],"predecessor-version":[{"id":1887,"href":"http:\/\/www.gasserdaniel.ch\/index.php?rest_route=\/wp\/v2\/posts\/1871\/revisions\/1887"}],"wp:featuredmedia":[{"embeddable":true,"href":"http:\/\/www.gasserdaniel.ch\/index.php?rest_route=\/wp\/v2\/media\/1872"}],"wp:attachment":[{"href":"http:\/\/www.gasserdaniel.ch\/index.php?rest_route=%2Fwp%2Fv2%2Fmedia&parent=1871"}],"wp:term":[{"taxonomy":"category","embeddable":true,"href":"http:\/\/www.gasserdaniel.ch\/index.php?rest_route=%2Fwp%2Fv2%2Fcategories&post=1871"},{"taxonomy":"post_tag","embeddable":true,"href":"http:\/\/www.gasserdaniel.ch\/index.php?rest_route=%2Fwp%2Fv2%2Ftags&post=1871"}],"curies":[{"name":"wp","href":"https:\/\/api.w.org\/{rel}","templated":true}]}}