{"id":1788,"date":"2021-06-23T12:08:16","date_gmt":"2021-06-23T12:08:16","guid":{"rendered":"http:\/\/www.gasserdaniel.ch\/?p=1788"},"modified":"2021-06-23T12:11:25","modified_gmt":"2021-06-23T12:11:25","slug":"planungsbericht-zur-spange-nord","status":"publish","type":"post","link":"http:\/\/www.gasserdaniel.ch\/?p=1788","title":{"rendered":"Planungsbericht zur Spange Nord"},"content":{"rendered":"\n<p class=\"has-medium-font-size\"><strong>B67: Planungsbericht \u00fcber das weitere Vorgehen beim Projekt Spange Nord und Massnahmen f\u00fcr den \u00f6ffentlichen Verkehr in der Stadt Luzern<\/strong><\/p>\n\n\n\n<p class=\"has-normal-font-size\">Die Session des Kantonsrates vom 21.\/22. Juni hatte wieder einmal sehr spannende Themen. F\u00fcr mich als Vertreter der Verkehrs- und Baukommission war vor allem ein Thema interessant. Mit dem <a href=\"https:\/\/www.lu.ch\/-\/klu\/ris\/cdws\/document?fileid=f9394323f48c44aeba1e994b1be6f1cd\">Planungsbericht B67<\/a> wird die Spange Nord definitiv beerdigt. Das weitere Vorgehen soll mit der k\u00fcnftigen Mobilit\u00e4tsstrategie Zukunft Mobilit\u00e4t Luzern (ZuMoLu) abgestimmt werden.<br>Der R\u00fcck- und Ausblick in diesem Thema f\u00fchrte zu emotionalen Voten und zeigte einmal mehr die unterschiedlichen Ans\u00e4tze f\u00fcr die Zukunft.<br>Hier eine Zusammenfassung aus meinem Fraktionsvotum namens der CVP.<\/p>\n\n\n\n<figure class=\"wp-block-embed is-type-video is-provider-youtube wp-block-embed-youtube wp-embed-aspect-16-9 wp-has-aspect-ratio\"><div class=\"wp-block-embed__wrapper\">\n<iframe loading=\"lazy\" title=\"Planungsbericht Spange Nord\" width=\"584\" height=\"329\" src=\"https:\/\/www.youtube.com\/embed\/XvoJ-VuDIII?feature=oembed\" frameborder=\"0\" allow=\"accelerometer; autoplay; clipboard-write; encrypted-media; gyroscope; picture-in-picture; web-share\" referrerpolicy=\"strict-origin-when-cross-origin\" allowfullscreen><\/iframe>\n<\/div><\/figure>\n\n\n\n<p><\/p>\n","protected":false},"excerpt":{"rendered":"<p>B67: Planungsbericht \u00fcber das weitere Vorgehen beim Projekt Spange Nord und Massnahmen f\u00fcr den \u00f6ffentlichen Verkehr in der Stadt Luzern Die Session des Kantonsrates vom 21.\/22. Juni hatte wieder einmal sehr spannende Themen. F\u00fcr mich als Vertreter der Verkehrs- und &hellip; <a href=\"http:\/\/www.gasserdaniel.ch\/?p=1788\">Weiterlesen <span class=\"meta-nav\">&rarr;<\/span><\/a><\/p>\n","protected":false},"author":1,"featured_media":1791,"comment_status":"open","ping_status":"closed","sticky":false,"template":"","format":"standard","meta":{"footnotes":""},"categories":[1],"tags":[],"class_list":["post-1788","post","type-post","status-publish","format-standard","has-post-thumbnail","hentry","category-uncategorized"],"_links":{"self":[{"href":"http:\/\/www.gasserdaniel.ch\/index.php?rest_route=\/wp\/v2\/posts\/1788","targetHints":{"allow":["GET"]}}],"collection":[{"href":"http:\/\/www.gasserdaniel.ch\/index.php?rest_route=\/wp\/v2\/posts"}],"about":[{"href":"http:\/\/www.gasserdaniel.ch\/index.php?rest_route=\/wp\/v2\/types\/post"}],"author":[{"embeddable":true,"href":"http:\/\/www.gasserdaniel.ch\/index.php?rest_route=\/wp\/v2\/users\/1"}],"replies":[{"embeddable":true,"href":"http:\/\/www.gasserdaniel.ch\/index.php?rest_route=%2Fwp%2Fv2%2Fcomments&post=1788"}],"version-history":[{"count":3,"href":"http:\/\/www.gasserdaniel.ch\/index.php?rest_route=\/wp\/v2\/posts\/1788\/revisions"}],"predecessor-version":[{"id":1792,"href":"http:\/\/www.gasserdaniel.ch\/index.php?rest_route=\/wp\/v2\/posts\/1788\/revisions\/1792"}],"wp:featuredmedia":[{"embeddable":true,"href":"http:\/\/www.gasserdaniel.ch\/index.php?rest_route=\/wp\/v2\/media\/1791"}],"wp:attachment":[{"href":"http:\/\/www.gasserdaniel.ch\/index.php?rest_route=%2Fwp%2Fv2%2Fmedia&parent=1788"}],"wp:term":[{"taxonomy":"category","embeddable":true,"href":"http:\/\/www.gasserdaniel.ch\/index.php?rest_route=%2Fwp%2Fv2%2Fcategories&post=1788"},{"taxonomy":"post_tag","embeddable":true,"href":"http:\/\/www.gasserdaniel.ch\/index.php?rest_route=%2Fwp%2Fv2%2Ftags&post=1788"}],"curies":[{"name":"wp","href":"https:\/\/api.w.org\/{rel}","templated":true}]}}