{"id":1655,"date":"2019-12-04T13:31:06","date_gmt":"2019-12-04T13:31:06","guid":{"rendered":"http:\/\/www.gasserdaniel.ch\/?p=1655"},"modified":"2019-12-04T17:09:27","modified_gmt":"2019-12-04T17:09:27","slug":"von-leuchtenden-kinderaugen","status":"publish","type":"post","link":"http:\/\/www.gasserdaniel.ch\/?p=1655","title":{"rendered":"Von leuchtenden Kinderaugen"},"content":{"rendered":"\n<h2 class=\"wp-block-heading\">Die Samichlausengesellschaft Ebikon pflegt ihr Brauchtum seit \u00fcber 60 Jahren. Neben den j\u00e4hrlichen Familienbesuchen gibt es weitere Highlights. Dazu geh\u00f6ren vor allem die Besuche der Kinderg\u00e4rten im Wald und nat\u00fcrlich der Auszug aus der Pfarrkirche jeweils am 1. Advent.<\/h2>\n\n\n\n<p>Als Mitglied der Gesellschaft hat man einmal im Leben die Chance diese beiden Anl\u00e4sse in vorderster Linie mitzugestalten. Was hier unser Brauchtum bewirkt, wie viel Freude bei den Kindern entsteht und was man f\u00fcr das t\u00e4gliche Leben mitnehmen kann, davon soll dieser Blog handeln.<\/p>\n\n\n\n<h2 class=\"wp-block-heading\">Der Waldchlaus<\/h2>\n\n\n\n<div class=\"wp-block-image\"><figure class=\"alignleft is-resized\"><img loading=\"lazy\" decoding=\"async\" src=\"http:\/\/www.gasserdaniel.ch\/wp-content\/uploads\/2019\/12\/IMG-20191125-WA0011-963x1024.jpg\" alt=\"\" class=\"wp-image-1662\" width=\"262\" height=\"294\"\/><\/figure><\/div>\n\n\n\n<p>Jeweils am Montag vor dem ersten Advent besuchen alle Kinderg\u00e4rten der Gemeinde den Samichlaus bei seinen Vorbereitungen in der Waldh\u00fctte. Die Schmutzlis sind am Ruten binden, die Ruprechte polieren Lampen, Trycheln und f\u00fcllen S\u00e4ckli ab, die Eseli stehen daneben und knabbern Heu, damit sie die n\u00e4chsten Tage genug Kraft haben.<br><br>Von Ferne klingen Jagdh\u00f6rner durch den Wald und k\u00fcndigen die erste der drei Gruppen von je etwa 55 Kindern an. Und schon kommen die ersten Jungs angerannt. &#8222;Bist du der richtige Samichlaus oder nur verkleidet?&#8220;, ruft der erste schon von weitem. &#8222;Ja aber hallo, nat\u00fcrlich bin ich der Richtige, das sieht man doch schon an meinem grossen Gefolge.&#8220;<\/p>\n\n\n\n<div class=\"wp-block-image\"><figure class=\"alignright is-resized\"><img loading=\"lazy\" decoding=\"async\" src=\"http:\/\/www.gasserdaniel.ch\/wp-content\/uploads\/2019\/12\/IMG-20191125-WA0023-1024x768.jpg\" alt=\"\" class=\"wp-image-1663\" width=\"317\" height=\"242\"\/><\/figure><\/div>\n\n\n\n<p>Als sich endlich alle gesetzt haben, wird es mucksm\u00e4uschenstill und alle lauschen gebannt der Geschichte vom kleinen Eselchen Miro. Danach bringen die einzelnen Kinderg\u00e4rten ein Lied oder ein Gedicht dar.<br>Als H\u00f6hepunkt des Waldbesuches d\u00fcrfen die Kinder den Ruprechten helfen, die Esel streicheln, sich bei Schoggibr\u00f6tchen und Tee st\u00e4rken oder sich zum Samichlaus setzen und mit ihm etwas plaudern. Die Augen der Kinder leuchten und die spannenden Fragen nehmen kein Ende. Wie alt bist du eigentlich? Wohnst du das ganze Jahr hier? Machst du auch Sommerferien? Kommst du dieses Jahr auch wieder vorbei? Wieso tr\u00e4gt der Ruprecht so eine moderne Uhr&#8230;? \ud83d\ude42 <\/p>\n\n\n\n<div class=\"wp-block-image\"><figure class=\"alignleft is-resized\"><img loading=\"lazy\" decoding=\"async\" src=\"http:\/\/www.gasserdaniel.ch\/wp-content\/uploads\/2019\/12\/IMG-20191125-WA0027-1024x768.jpg\" alt=\"\" class=\"wp-image-1673\" width=\"349\" height=\"264\"\/><\/figure><\/div>\n\n\n\n<p><strong>Und alle Kinder, egal welcher Nationalit\u00e4t oder Religion, wirken hell begeistert von diesem speziellen Nachmittag.<\/strong><\/p>\n\n\n\n<p>Am Abend treffen sich alle Beteiligten zusammen mit den Lehrpersonen noch einmal zu einer feinen Suppe und lassen den sch\u00f6nen Tag gem\u00fctlich ausklingen.<\/p>\n\n\n\n<h2 class=\"wp-block-heading\">Der Auszug<\/h2>\n\n\n\n<div class=\"wp-block-image\"><figure class=\"alignright is-resized\"><img loading=\"lazy\" decoding=\"async\" src=\"http:\/\/www.gasserdaniel.ch\/wp-content\/uploads\/2019\/12\/IMG-20191202-WA0007-1024x684.jpg\" alt=\"\" class=\"wp-image-1667\" width=\"332\" height=\"223\" srcset=\"http:\/\/www.gasserdaniel.ch\/wp-content\/uploads\/2019\/12\/IMG-20191202-WA0007-1024x684.jpg 1024w, http:\/\/www.gasserdaniel.ch\/wp-content\/uploads\/2019\/12\/IMG-20191202-WA0007-768x513.jpg 768w, http:\/\/www.gasserdaniel.ch\/wp-content\/uploads\/2019\/12\/IMG-20191202-WA0007-449x300.jpg 449w, http:\/\/www.gasserdaniel.ch\/wp-content\/uploads\/2019\/12\/IMG-20191202-WA0007.jpg 1616w\" sizes=\"auto, (max-width: 332px) 100vw, 332px\" \/><\/figure><\/div>\n\n\n\n<p>In Ebikon ist es Tradition, dass der Samichlaus am 1. Advent um 17.00 Uhr aus der Pfarrkirche St. Maria kommt und die Bev\u00f6lkerung begr\u00fcsst. <br>P\u00fcnktlich auf den f\u00fcnften Glockenschlag \u00f6ffnen sich die T\u00fcren, die Orgelmusik setzt ein und der Samichlaus tritt ins Licht. Ein unglaublicher Moment oben auf der Treppe zu stehen und den bis auf den hintersten Platz besetzten Kirchenplatz in der feierlichen Adventsbeleuchtung zu sehen.<br>Links, rechts, oben und unten auf der Treppe stehen dicht gedr\u00e4ngt die Trychler, Geisslechl\u00f6pfer, Iffelentr\u00e4ger, Ruprechte, Diener, Zw\u00e4rgli und Schmutzli. Hinter dem Samichlaus setzen die Fanfaren zu ihrem Tusch an, untermalt von den Tambouren und dann wird es unglaublich still auf dem Platz. Erwachsene und Kinder h\u00f6ren gebannt, was der Samichlaus dieses Jahr zu erz\u00e4hlen hat.<\/p>\n\n\n\n<div class=\"wp-block-image\"><figure class=\"alignleft is-resized\"><img loading=\"lazy\" decoding=\"async\" src=\"http:\/\/www.gasserdaniel.ch\/wp-content\/uploads\/2019\/12\/IMG-20191202-WA0009-1024x684.jpg\" alt=\"\" class=\"wp-image-1678\" width=\"358\" height=\"242\"\/><\/figure><\/div>\n\n\n\n<p><\/p>\n\n\n\n<p>Im Anschluss an die Ansprache setzt sich der ganze Tross in Bewegung, \u00fcberquert die Kantonsstrasse und zieht Richtung Wydenhofschulhaus. Derweil passiert die Mehrheit der Besucher die Fussg\u00e4ngerbr\u00fccke und erwartet den Samichlaus ein weiteres Mal auf der Schulhausstrasse.<br>Kaum sind die Schmutzlis unten bei der Ladengasse um die Ecke, d\u00fcrfen sie die Formation verlassen und jagen los. Ein Raunen und Lachen geht durch das Publikum am Strassenrand und die meisten kommen auch heute nicht ohne ein &#8222;Br\u00e4mi&#8220; davon.<br>Die beiden Esel ziehen an ihren Stricken und m\u00f6chten am liebsten den Schmutzlis hinterher. Aber die beiden Ruprechte stehen wie Felsen in der Brandung.<\/p>\n\n\n\n<p>Auf dem Pausenplatz setzt sich der Samichlaus mitten in seinem Gefolge auf einen Stuhl und darf w\u00e4hrend den n\u00e4chsten dreissig Minuten ein Kind nach dem anderen begr\u00fcssen. Einige geben sch\u00fcchtern die Hand, andere wagen sich bereits ein Spr\u00fcchli aufzusagen und einer umarmt den Samichlaus spontan und dr\u00fcckt ihm gleich einen Kuss auf die Schl\u00e4fe \ud83d\ude42<\/p>\n\n\n\n<p style=\"background-color:#932202\" class=\"has-text-color has-background has-white-color\"><strong>Die Familienbesuche sind jedes Jahr etwas r\u00fc\u00fcdig Sch\u00f6nes, aber diese beiden Anl\u00e4sse direkt zu erleben, ist kaum zu beschreiben. In einfachen Worten habe ich dies nun versucht.<br>Zu sehen wie dieser Brauch Kinder und Erwachsene losgel\u00f6st von Nationalit\u00e4t, Sprache oder Religion zu fesseln vermag, ist Ansporn und Motivation noch viele weitere Jahre mitzumachen.<\/strong><\/p>\n","protected":false},"excerpt":{"rendered":"<p>Die Samichlausengesellschaft Ebikon pflegt ihr Brauchtum seit \u00fcber 60 Jahren. Neben den j\u00e4hrlichen Familienbesuchen gibt es weitere Highlights. Dazu geh\u00f6ren vor allem die Besuche der Kinderg\u00e4rten im Wald und nat\u00fcrlich der Auszug aus der Pfarrkirche jeweils am 1. Advent. Als &hellip; <a href=\"http:\/\/www.gasserdaniel.ch\/?p=1655\">Weiterlesen <span class=\"meta-nav\">&rarr;<\/span><\/a><\/p>\n","protected":false},"author":1,"featured_media":1698,"comment_status":"open","ping_status":"closed","sticky":false,"template":"","format":"standard","meta":{"footnotes":""},"categories":[1],"tags":[],"class_list":["post-1655","post","type-post","status-publish","format-standard","has-post-thumbnail","hentry","category-uncategorized"],"_links":{"self":[{"href":"http:\/\/www.gasserdaniel.ch\/index.php?rest_route=\/wp\/v2\/posts\/1655","targetHints":{"allow":["GET"]}}],"collection":[{"href":"http:\/\/www.gasserdaniel.ch\/index.php?rest_route=\/wp\/v2\/posts"}],"about":[{"href":"http:\/\/www.gasserdaniel.ch\/index.php?rest_route=\/wp\/v2\/types\/post"}],"author":[{"embeddable":true,"href":"http:\/\/www.gasserdaniel.ch\/index.php?rest_route=\/wp\/v2\/users\/1"}],"replies":[{"embeddable":true,"href":"http:\/\/www.gasserdaniel.ch\/index.php?rest_route=%2Fwp%2Fv2%2Fcomments&post=1655"}],"version-history":[{"count":24,"href":"http:\/\/www.gasserdaniel.ch\/index.php?rest_route=\/wp\/v2\/posts\/1655\/revisions"}],"predecessor-version":[{"id":1699,"href":"http:\/\/www.gasserdaniel.ch\/index.php?rest_route=\/wp\/v2\/posts\/1655\/revisions\/1699"}],"wp:featuredmedia":[{"embeddable":true,"href":"http:\/\/www.gasserdaniel.ch\/index.php?rest_route=\/wp\/v2\/media\/1698"}],"wp:attachment":[{"href":"http:\/\/www.gasserdaniel.ch\/index.php?rest_route=%2Fwp%2Fv2%2Fmedia&parent=1655"}],"wp:term":[{"taxonomy":"category","embeddable":true,"href":"http:\/\/www.gasserdaniel.ch\/index.php?rest_route=%2Fwp%2Fv2%2Fcategories&post=1655"},{"taxonomy":"post_tag","embeddable":true,"href":"http:\/\/www.gasserdaniel.ch\/index.php?rest_route=%2Fwp%2Fv2%2Ftags&post=1655"}],"curies":[{"name":"wp","href":"https:\/\/api.w.org\/{rel}","templated":true}]}}