{"id":1637,"date":"2019-10-15T08:28:32","date_gmt":"2019-10-15T08:28:32","guid":{"rendered":"http:\/\/www.gasserdaniel.ch\/?p=1637"},"modified":"2019-10-15T09:16:31","modified_gmt":"2019-10-15T09:16:31","slug":"eigentlich-muesste-man-ja-cvp-waehlen","status":"publish","type":"post","link":"http:\/\/www.gasserdaniel.ch\/?p=1637","title":{"rendered":"Eigentlich m\u00fcsste man ja CVP w\u00e4hlen&#8230;"},"content":{"rendered":"\n<p style=\"background-color:#f3b67c\" class=\"has-background has-medium-font-size\"><strong>Dies das einstimmige Credo zweier Freunde, welche in in der Vergangenheit tendenziell links gew\u00e4hlt haben.<\/strong><\/p>\n\n\n\n<p>K\u00fcrzlich wurde ich an einem privaten Abendessen gefragt, welche Kandidatinnen und Kandidaten der verschiedenen Parteien ich kenne und zuhanden einer Blankoliste &nbsp;empfehlen k\u00f6nne. Abschliessend kam die Bemerkung: <em><strong>Auf die Liste schreibe ich nat\u00fcrlich &#8222;Gr\u00fcne Partei&#8220;, damit etwas passiert.<\/strong><\/em><\/p>\n\n\n\n<p>Das hat nat\u00fcrlich sofort meine Gegenbemerkung lanciert: <em><strong>&#8222;Wieso soll dann was passieren?&#8220;<\/strong><\/em><strong> <\/strong>Und die Diskussion war lanciert&#8230;.<\/p>\n\n\n\n<p>Wir waren uns schnell einig, dass vor vier Jahren die Fl\u00fcchtlingsdebatte der SVP stark Auftrieb gegeben hat und dieses Jahr die Klimadebatte den Parteien mit &#8222;Gr\u00fcn&#8220; im Namen zus\u00e4tzliche Sitze bescheren wird.<br>R\u00fcckblickend muss man aber sagen, dass ja nicht die SVP das Fl\u00fcchtlingsproblem entsch\u00e4rft hat. Genauso muss&nbsp;man sich \u00fcberlegen, wer&nbsp;in der Klimadebatte die mehrheitsf\u00e4higen L\u00f6sungen erarbeiten wird,&nbsp;und dies sind nun mal nicht die ideologisierten Polparteien sondern die l\u00f6sungsorientierte Mitte. <\/p>\n\n\n\n<p>Wer das Politleben auf Bundes-, Kantons- und Gemeindebene aktiv&nbsp;verfolgt, stellt rasch fest, dass alle L\u00f6sungen immer aus der Mitte kommen. Dies zeigt sich exemplarisch im St\u00e4nderat. W\u00e4hrend im Nationalrat politisches Gepl\u00e4nkel die Diskussionen bestimmt, sind es im St\u00e4nderat konkrete Ans\u00e4tze. <br>Kein Wunder, von den 46 Sitzen haben die CVP und FDP je 13, die SP 12, die SVP 5 und die GLP, BDP und \u00fcbrige je einen. Nur so k\u00f6nnen &#8222;echte&#8220; L\u00f6sungen entstehen.<\/p>\n\n\n\n<p style=\"background-color:#f3b67c\" class=\"has-background has-normal-font-size\"><strong>Mit dem vorauszusehenden Linksrutsch des Parlamentes werden die Mitteparteien wahrscheinlich wieder Federn lassen. Dies st\u00e4rkt zwar&nbsp;die Polparteien, blockiert sie&nbsp;aber&nbsp;gleichzeitig oder f\u00fchrt zu zahnlosen Gebilden.<\/strong><\/p>\n\n\n\n<p>In diesem Sinne haben dies meine Freunde in ihrer Analyse absolut richtig erkannt. Aber w\u00e4hrend der eine einfach nicht aus seiner Haut kann, sieht der andere durch das W\u00e4hlen von linken Parteien die Mitte wieder eher da, wo sie aus seiner Sicht hingeh\u00f6rt.<br>Schade um diese Stimmen&#8230;<\/p>\n","protected":false},"excerpt":{"rendered":"<p>Dies das einstimmige Credo zweier Freunde, welche in in der Vergangenheit tendenziell links gew\u00e4hlt haben. K\u00fcrzlich wurde ich an einem privaten Abendessen gefragt, welche Kandidatinnen und Kandidaten der verschiedenen Parteien ich kenne und zuhanden einer Blankoliste &nbsp;empfehlen k\u00f6nne. Abschliessend kam &hellip; <a href=\"http:\/\/www.gasserdaniel.ch\/?p=1637\">Weiterlesen <span class=\"meta-nav\">&rarr;<\/span><\/a><\/p>\n","protected":false},"author":1,"featured_media":1646,"comment_status":"open","ping_status":"closed","sticky":false,"template":"","format":"standard","meta":{"footnotes":""},"categories":[1],"tags":[],"class_list":["post-1637","post","type-post","status-publish","format-standard","has-post-thumbnail","hentry","category-uncategorized"],"_links":{"self":[{"href":"http:\/\/www.gasserdaniel.ch\/index.php?rest_route=\/wp\/v2\/posts\/1637","targetHints":{"allow":["GET"]}}],"collection":[{"href":"http:\/\/www.gasserdaniel.ch\/index.php?rest_route=\/wp\/v2\/posts"}],"about":[{"href":"http:\/\/www.gasserdaniel.ch\/index.php?rest_route=\/wp\/v2\/types\/post"}],"author":[{"embeddable":true,"href":"http:\/\/www.gasserdaniel.ch\/index.php?rest_route=\/wp\/v2\/users\/1"}],"replies":[{"embeddable":true,"href":"http:\/\/www.gasserdaniel.ch\/index.php?rest_route=%2Fwp%2Fv2%2Fcomments&post=1637"}],"version-history":[{"count":10,"href":"http:\/\/www.gasserdaniel.ch\/index.php?rest_route=\/wp\/v2\/posts\/1637\/revisions"}],"predecessor-version":[{"id":1648,"href":"http:\/\/www.gasserdaniel.ch\/index.php?rest_route=\/wp\/v2\/posts\/1637\/revisions\/1648"}],"wp:featuredmedia":[{"embeddable":true,"href":"http:\/\/www.gasserdaniel.ch\/index.php?rest_route=\/wp\/v2\/media\/1646"}],"wp:attachment":[{"href":"http:\/\/www.gasserdaniel.ch\/index.php?rest_route=%2Fwp%2Fv2%2Fmedia&parent=1637"}],"wp:term":[{"taxonomy":"category","embeddable":true,"href":"http:\/\/www.gasserdaniel.ch\/index.php?rest_route=%2Fwp%2Fv2%2Fcategories&post=1637"},{"taxonomy":"post_tag","embeddable":true,"href":"http:\/\/www.gasserdaniel.ch\/index.php?rest_route=%2Fwp%2Fv2%2Ftags&post=1637"}],"curies":[{"name":"wp","href":"https:\/\/api.w.org\/{rel}","templated":true}]}}