{"id":1612,"date":"2019-03-27T15:15:28","date_gmt":"2019-03-27T15:15:28","guid":{"rendered":"http:\/\/www.gasserdaniel.ch\/?p=1612"},"modified":"2019-03-27T15:15:28","modified_gmt":"2019-03-27T15:15:28","slug":"wahlbeteiligung-in-ebikon","status":"publish","type":"post","link":"http:\/\/www.gasserdaniel.ch\/?p=1612","title":{"rendered":"Wahlbeteiligung in Ebikon"},"content":{"rendered":"\n<h2 class=\"wp-block-heading\">Heute morgen, Mittwoch 27.03.2019, lag die Wahlbeteiligung in Ebikon vier Tage vor dem Wahlsonntag bei 20%. Es ist zwar \u00fcblich, dass die letzten 50% der Wahlcouverts in den letzten Tagen reinkommen, trotzdem stimmt dies etwas nachdenklich.<\/h2>\n\n\n\n<figure class=\"wp-block-image\"><img loading=\"lazy\" decoding=\"async\" width=\"960\" height=\"720\" src=\"http:\/\/www.gasserdaniel.ch\/wp-content\/uploads\/2019\/03\/CVP-Ebikon-Wahlspaziergang.jpg\" alt=\"\" class=\"wp-image-1613\" srcset=\"http:\/\/www.gasserdaniel.ch\/wp-content\/uploads\/2019\/03\/CVP-Ebikon-Wahlspaziergang.jpg 960w, http:\/\/www.gasserdaniel.ch\/wp-content\/uploads\/2019\/03\/CVP-Ebikon-Wahlspaziergang-300x225.jpg 300w, http:\/\/www.gasserdaniel.ch\/wp-content\/uploads\/2019\/03\/CVP-Ebikon-Wahlspaziergang-768x576.jpg 768w, http:\/\/www.gasserdaniel.ch\/wp-content\/uploads\/2019\/03\/CVP-Ebikon-Wahlspaziergang-400x300.jpg 400w\" sizes=\"auto, (max-width: 960px) 100vw, 960px\" \/><figcaption>Die Kandidaten aus Ebikon auf dem Wahlspaziergang. Von links nach rechts:<br><br>Daniel Gasser, Claudia Mehr, Patrik Widmer, Alex Fischer und Seraina Winterberg<\/figcaption><\/figure>\n\n\n\n<p>In den letzten Tagen habe ich einige absch\u00e4tzige Bemerkungen geh\u00f6rt:<br>&#8211; Ich bin dann froh, wenn diese Plakate wieder weg sind.<br>&#8211; Die Flyer im Briefkasten kann ich nicht mehr sehen.<br>&#8211; Die aufdringlichen Stand-, Telefon- und T\u00fcraktionen nerven.<br>&#8211; Die Wahlen sind mir egal, das interessiert mich nicht.<br>&#8211; und einiges mehr&#8230;<\/p>\n\n\n\n<p>Eigentlich ist es toll, dass sich so viele Menschen im Kantonsrat f\u00fcr die kantonale Politik engagieren wollen. In einer Zeit in der es immer schwieriger wird Vereinsvorst\u00e4nde zu besetzen oder Personen f\u00fcr freiwilliges Engagement zu begeistern, ist dies doch ein gutes Zeichen.<br>Leider haben wir auf unseren Wahlspazierg\u00e4ngen aber auch immer wieder geh\u00f6rt, dass sich viele Personen kaum interessieren oder finden, dass die Politiker ja sowieso machen was sie wollen. <\/p>\n\n\n\n<blockquote class=\"wp-block-quote is-layout-flow wp-block-quote-is-layout-flow\"><p>Diese bedenkliche Zuspitzung hat wahrscheinlich verschiedene Gr\u00fcnde. Zum einen ist es die globale Politik, welche immer mehr von Populisten gepr\u00e4gt wird, zum anderen aber auch die mediale Berichterstattung, welche lieber \u00fcber Extreme berichtet, als \u00fcber die hart erarbeiteten L\u00f6sungen.<\/p><\/blockquote>\n\n\n\n<p>Nun diese zwei Punkte sind schwierig zu beeinflussen. Was wir alle aber k\u00f6nnen, ist&nbsp; w\u00e4hlen zu gehen. Es gibt mehr als gen\u00fcgend Kandidaten, welche \u00fcber ein breites Spektrum an Erfahrung verf\u00fcgen, nicht nur &#8222;monothematisch&#8220; unterwegs sind und gleichzeitig Wertsch\u00e4tzend und nicht Selbstdarstellend politisieren wollen.<br><\/p>\n\n\n\n<p>Wer gerne w\u00e4hlen m\u00f6chte, aber die Kandidaten zu wenig kennt, hat mit <a href=\"https:\/\/www.smartvote.ch\/19_lu_leg\/election\/index\">Smartvote<\/a> ein sehr gutes Tool. Und f\u00fcr das Ausf\u00fcllen der Wahllisten hat unser Kollege Alex Fischer ein perfektes Video zusammengestellt. \ud83d\ude42 <\/p>\n\n\n\n<figure class=\"wp-block-embed-youtube wp-block-embed is-type-video is-provider-youtube wp-embed-aspect-16-9 wp-has-aspect-ratio\"><div class=\"wp-block-embed__wrapper\">\n<iframe loading=\"lazy\" title=\"Jetzt w\u00e4hlen!\" width=\"584\" height=\"329\" src=\"https:\/\/www.youtube.com\/embed\/lpM9jeZdjwk?feature=oembed\" frameborder=\"0\" allow=\"accelerometer; autoplay; clipboard-write; encrypted-media; gyroscope; picture-in-picture; web-share\" referrerpolicy=\"strict-origin-when-cross-origin\" allowfullscreen><\/iframe>\n<\/div><\/figure>\n","protected":false},"excerpt":{"rendered":"<p>Heute morgen, Mittwoch 27.03.2019, lag die Wahlbeteiligung in Ebikon vier Tage vor dem Wahlsonntag bei 20%. Es ist zwar \u00fcblich, dass die letzten 50% der Wahlcouverts in den letzten Tagen reinkommen, trotzdem stimmt dies etwas nachdenklich. In den letzten Tagen &hellip; <a href=\"http:\/\/www.gasserdaniel.ch\/?p=1612\">Weiterlesen <span class=\"meta-nav\">&rarr;<\/span><\/a><\/p>\n","protected":false},"author":1,"featured_media":0,"comment_status":"open","ping_status":"closed","sticky":false,"template":"","format":"standard","meta":{"footnotes":""},"categories":[1],"tags":[],"class_list":["post-1612","post","type-post","status-publish","format-standard","hentry","category-uncategorized"],"_links":{"self":[{"href":"http:\/\/www.gasserdaniel.ch\/index.php?rest_route=\/wp\/v2\/posts\/1612","targetHints":{"allow":["GET"]}}],"collection":[{"href":"http:\/\/www.gasserdaniel.ch\/index.php?rest_route=\/wp\/v2\/posts"}],"about":[{"href":"http:\/\/www.gasserdaniel.ch\/index.php?rest_route=\/wp\/v2\/types\/post"}],"author":[{"embeddable":true,"href":"http:\/\/www.gasserdaniel.ch\/index.php?rest_route=\/wp\/v2\/users\/1"}],"replies":[{"embeddable":true,"href":"http:\/\/www.gasserdaniel.ch\/index.php?rest_route=%2Fwp%2Fv2%2Fcomments&post=1612"}],"version-history":[{"count":3,"href":"http:\/\/www.gasserdaniel.ch\/index.php?rest_route=\/wp\/v2\/posts\/1612\/revisions"}],"predecessor-version":[{"id":1616,"href":"http:\/\/www.gasserdaniel.ch\/index.php?rest_route=\/wp\/v2\/posts\/1612\/revisions\/1616"}],"wp:attachment":[{"href":"http:\/\/www.gasserdaniel.ch\/index.php?rest_route=%2Fwp%2Fv2%2Fmedia&parent=1612"}],"wp:term":[{"taxonomy":"category","embeddable":true,"href":"http:\/\/www.gasserdaniel.ch\/index.php?rest_route=%2Fwp%2Fv2%2Fcategories&post=1612"},{"taxonomy":"post_tag","embeddable":true,"href":"http:\/\/www.gasserdaniel.ch\/index.php?rest_route=%2Fwp%2Fv2%2Ftags&post=1612"}],"curies":[{"name":"wp","href":"https:\/\/api.w.org\/{rel}","templated":true}]}}