{"id":157,"date":"2011-03-16T09:36:22","date_gmt":"2011-03-16T09:36:22","guid":{"rendered":"http:\/\/www.gasserdaniel.ch\/?p=157"},"modified":"2011-03-16T09:42:37","modified_gmt":"2011-03-16T09:42:37","slug":"vandalismus-an-wahlwerbung","status":"publish","type":"post","link":"http:\/\/www.gasserdaniel.ch\/?p=157","title":{"rendered":"Vandalismus an Wahlwerbung"},"content":{"rendered":"<p>Am Donnerstag nach der Fasnacht durfte die CVP Ebikon ihre \u00f6ffentliche Wahlwerbung starten. Zu diesem Zweck\u00a0haben wir\u00a0an verschiedenen Orten in der Gemeinde grosse Werbebanner gestellt.<\/p>\n<p>Leider mussten wir feststellen, dass bereits am Freitagmorgen der Banner im H\u00f6fliquartier ausgerissen und an einen Baum geh\u00e4ngt worden war. Da wir von einem Streich ausgingen, stellten wir das Plakat am selben Tag neu, mussten aber am Samstag bemerken, dass der Banner wieder ausgerissen war. Wiederum hing er am selben Baum in doch einiger H\u00f6he. Zudem war die bedruckte Plane verschwunden und der Baum besch\u00e4digt.<\/p>\n<div class=\"mceTemp\">\n<div id=\"attachment_156\" style=\"width: 510px\" class=\"wp-caption alignnone\"><a href=\"http:\/\/www.gasserdaniel.ch\/wp-content\/uploads\/2011\/03\/CVP_Wahlkampf_Banner.jpg\"><img loading=\"lazy\" decoding=\"async\" aria-describedby=\"caption-attachment-156\" class=\"size-large wp-image-156\" title=\"CVP - Banner\" src=\"http:\/\/www.gasserdaniel.ch\/wp-content\/uploads\/2011\/03\/CVP_Wahlkampf_Banner-1024x410.jpg\" alt=\"Kandidaten CVP Ebikon\" width=\"500\" height=\"200\" srcset=\"http:\/\/www.gasserdaniel.ch\/wp-content\/uploads\/2011\/03\/CVP_Wahlkampf_Banner-1024x410.jpg 1024w, http:\/\/www.gasserdaniel.ch\/wp-content\/uploads\/2011\/03\/CVP_Wahlkampf_Banner-300x120.jpg 300w, http:\/\/www.gasserdaniel.ch\/wp-content\/uploads\/2011\/03\/CVP_Wahlkampf_Banner-150x60.jpg 150w\" sizes=\"auto, (max-width: 500px) 100vw, 500px\" \/><\/a><p id=\"caption-attachment-156\" class=\"wp-caption-text\">Die verschwundene Plane<\/p><\/div>\n<\/div>\n<p>Da\u00a0ich mich\u00a0speziell daf\u00fcr einsetzen, dass Werte wie Toleranz und Anstand in unserer Gesellschaft wieder vermehrt gepflegt werden,\u00a0bin ich zusammen mit meinen\u00a0Mitstreitern\u00a0von dieser Aktion sehr entt\u00e4uscht. <strong>Wir sind der Meinung, dass solches Verhalten nicht toleriert werden kann und haben Anzeige wegen Sachbesch\u00e4digung und Diebstahl gegen Unbekannt erstattet.<\/strong> Wir hoffen nat\u00fcrlich sehr, dass diese Sachbesch\u00e4digung ein einmaliges Vorkommen ist.<\/p>\n<p>Falls jemand sachdienliche Mitteilungen zur verschwundenen Plane machen kann, sind wir nat\u00fcrlich froh. Immerhin sind die Herstellungskosten ja nicht gerade gratis.<\/p>\n<p>Gleichzeitig freuen wir uns aber auch \u00fcber all die positiven R\u00fcckmeldungen auf unsere Werbung und gehen mit Elan die n\u00e4chsten Wahlkampfwochen an.<\/p>\n<p>An dieser Stelle auch ein herzliches Dankesch\u00f6n an die Guggenmusig N\u00e4belh\u00fc\u00fcler, welche uns die Aluminiumrahmen zu diesen Bannern gratis zur Verf\u00fcgung stellt.<\/p>\n","protected":false},"excerpt":{"rendered":"<p>Am Donnerstag nach der Fasnacht durfte die CVP Ebikon ihre \u00f6ffentliche Wahlwerbung starten. Zu diesem Zweck\u00a0haben wir\u00a0an verschiedenen Orten in der Gemeinde grosse Werbebanner gestellt. Leider mussten wir feststellen, dass bereits am Freitagmorgen der Banner im H\u00f6fliquartier ausgerissen und an &hellip; <a href=\"http:\/\/www.gasserdaniel.ch\/?p=157\">Weiterlesen <span class=\"meta-nav\">&rarr;<\/span><\/a><\/p>\n","protected":false},"author":1,"featured_media":0,"comment_status":"open","ping_status":"closed","sticky":false,"template":"","format":"standard","meta":{"footnotes":""},"categories":[1],"tags":[],"class_list":["post-157","post","type-post","status-publish","format-standard","hentry","category-uncategorized"],"_links":{"self":[{"href":"http:\/\/www.gasserdaniel.ch\/index.php?rest_route=\/wp\/v2\/posts\/157","targetHints":{"allow":["GET"]}}],"collection":[{"href":"http:\/\/www.gasserdaniel.ch\/index.php?rest_route=\/wp\/v2\/posts"}],"about":[{"href":"http:\/\/www.gasserdaniel.ch\/index.php?rest_route=\/wp\/v2\/types\/post"}],"author":[{"embeddable":true,"href":"http:\/\/www.gasserdaniel.ch\/index.php?rest_route=\/wp\/v2\/users\/1"}],"replies":[{"embeddable":true,"href":"http:\/\/www.gasserdaniel.ch\/index.php?rest_route=%2Fwp%2Fv2%2Fcomments&post=157"}],"version-history":[{"count":9,"href":"http:\/\/www.gasserdaniel.ch\/index.php?rest_route=\/wp\/v2\/posts\/157\/revisions"}],"predecessor-version":[{"id":165,"href":"http:\/\/www.gasserdaniel.ch\/index.php?rest_route=\/wp\/v2\/posts\/157\/revisions\/165"}],"wp:attachment":[{"href":"http:\/\/www.gasserdaniel.ch\/index.php?rest_route=%2Fwp%2Fv2%2Fmedia&parent=157"}],"wp:term":[{"taxonomy":"category","embeddable":true,"href":"http:\/\/www.gasserdaniel.ch\/index.php?rest_route=%2Fwp%2Fv2%2Fcategories&post=157"},{"taxonomy":"post_tag","embeddable":true,"href":"http:\/\/www.gasserdaniel.ch\/index.php?rest_route=%2Fwp%2Fv2%2Ftags&post=157"}],"curies":[{"name":"wp","href":"https:\/\/api.w.org\/{rel}","templated":true}]}}