{"id":1139,"date":"2015-05-13T08:37:29","date_gmt":"2015-05-13T08:37:29","guid":{"rendered":"http:\/\/www.gasserdaniel.ch\/?p=1139"},"modified":"2016-02-28T08:05:53","modified_gmt":"2016-02-28T08:05:53","slug":"ebikon-soll-attraktiver-werden","status":"publish","type":"post","link":"http:\/\/www.gasserdaniel.ch\/?p=1139","title":{"rendered":"Ebikon soll attraktiver werden"},"content":{"rendered":"<h4>Am letzten Freitag durften die Gebietsmanagerin von Luzern Plus, Nathalie Mil, und ich beim Regionaljournal Innerschweiz anl\u00e4sslich der Gemeindehausplatzer\u00f6ffnung <strong><a href=\"http:\/\/www.srf.ch\/news\/regional\/zentralschweiz\/ebikon-will-ein-richtiges-zentrum\">ein Interview<\/a><\/strong> zur Entwicklung von Ebikon und des Rontals geben. Im Zentrum\u00a0standen vor allem der Strassenraum,\u00a0der Gemeindehausplatz\u00a0und die Identit\u00e4t.<\/h4>\n<p><a href=\"http:\/\/www.gasserdaniel.ch\/wp-content\/uploads\/2015\/05\/ebikon_sommer_2013_0236-KLEIN.jpg\"><img loading=\"lazy\" decoding=\"async\" class=\" size-thumbnail wp-image-1160 alignnone\" src=\"http:\/\/www.gasserdaniel.ch\/wp-content\/uploads\/2015\/05\/ebikon_sommer_2013_0236-KLEIN-150x150.jpg\" alt=\"ebikon_sommer_2013_0236 KLEIN\" width=\"150\" height=\"150\" \/><\/a>\u00a0\u00a0\u00a0\u00a0\u00a0\u00a0\u00a0 \u00a0 <a href=\"http:\/\/www.gasserdaniel.ch\/wp-content\/uploads\/2015\/05\/ebikon_sommer_2013_0237-KLEIN.jpg\"><img loading=\"lazy\" decoding=\"async\" class=\" size-thumbnail wp-image-1159 alignnone\" src=\"http:\/\/www.gasserdaniel.ch\/wp-content\/uploads\/2015\/05\/ebikon_sommer_2013_0237-KLEIN-150x150.jpg\" alt=\"ebikon_sommer_2013_0237 KLEIN\" width=\"150\" height=\"150\" \/><\/a><\/p>\n<p><a href=\"https:\/\/www.ebikon.ch\/politik\/gemeinderat\/bevoelkerungsbefragung-2013?searchterm=bev%C3%B6lkerungsbefragung\"><strong>Die Bev\u00f6lkerungsbefragung<\/strong><\/a> im Jahr 2013 hat als gr\u00f6sste Probleme f\u00fcr die Gemeinde im Siedlungsbereich folgende drei Themen ergeben:<\/p>\n<ol>\n<li>Die Verkehrssituation allgemein<\/li>\n<li>Die Kantonsstrasse<\/li>\n<li>Ein fehlender Dorfkern zur Identit\u00e4tsbildung<\/li>\n<\/ol>\n<p>Mit dem Aufh\u00e4nger der Gemeindehausplatzer\u00f6ffnung wurden wir von der Regionalredaktion Zentralschweiz eingeladen zu diesen Themen Stellung zu nehmen.<\/p>\n<p>Im Vorfeld wurden einige Bewohnerinnen und Bewohner Ebikons bereits vom Radio SRF interviewt. Die Aussagen sind spannend und aufschlussreich.<\/p>\n<p><strong><a href=\"http:\/\/www.srf.ch\/news\/regional\/zentralschweiz\/ebikon-will-ein-richtiges-zentrum\">Das ganze Radio-Interview mit Begleittext findet man hier.<\/a><\/strong><\/p>\n<h4>Mit dem Masterplan hat der Gemeinderat Ebikon ein Papier geschaffen, welches die langfristige und qualitative Entwicklung der Gemeinde aufzeigt.<\/h4>\n<p>Die offizielle Version des Masterplans ist noch in redaktioneller \u00dcberarbeitung. Einen ersten Einblick gibt es aber trotzdem bereits hier: <strong><a href=\"https:\/\/www.ebikon.ch\/verwaltung\/bau-und-planung\/masterplan\">Masterplan Ebikon<\/a><\/strong><\/p>\n<p>Die Er\u00f6ffnung des Gemeindehausplatzes letzten Freitag war trotz des misslichen Wetters gut besucht. Einmal mehr zeigt es sich, dass die \u00c4bikerinnen und \u00c4biker gerne gemeinsame Feste feiern. In diesem Sinne hat der Abend nat\u00fcrlich auch zur Identit\u00e4t beigetragen.<\/p>\n<p>Hier noch eine kurze Impression unserer gemeindehauseigenen Band:<\/p>\n<div style=\"width: 584px;\" class=\"wp-video\"><video class=\"wp-video-shortcode\" id=\"video-1139-1\" width=\"584\" height=\"329\" preload=\"metadata\" controls=\"controls\"><source type=\"video\/mp4\" src=\"http:\/\/www.gasserdaniel.ch\/wp-content\/uploads\/2015\/05\/VID-20150509-WA0000.mp4?_=1\" \/><a href=\"http:\/\/www.gasserdaniel.ch\/wp-content\/uploads\/2015\/05\/VID-20150509-WA0000.mp4\">http:\/\/www.gasserdaniel.ch\/wp-content\/uploads\/2015\/05\/VID-20150509-WA0000.mp4<\/a><\/video><\/div>\n<p>&nbsp;<\/p>\n","protected":false},"excerpt":{"rendered":"<p>Am letzten Freitag durften die Gebietsmanagerin von Luzern Plus, Nathalie Mil, und ich beim Regionaljournal Innerschweiz anl\u00e4sslich der Gemeindehausplatzer\u00f6ffnung ein Interview zur Entwicklung von Ebikon und des Rontals geben. Im Zentrum\u00a0standen vor allem der Strassenraum,\u00a0der Gemeindehausplatz\u00a0und die Identit\u00e4t. \u00a0\u00a0\u00a0\u00a0\u00a0\u00a0\u00a0 \u00a0 &hellip; <a href=\"http:\/\/www.gasserdaniel.ch\/?p=1139\">Weiterlesen <span class=\"meta-nav\">&rarr;<\/span><\/a><\/p>\n","protected":false},"author":1,"featured_media":0,"comment_status":"open","ping_status":"closed","sticky":false,"template":"","format":"standard","meta":{"footnotes":""},"categories":[1],"tags":[],"class_list":["post-1139","post","type-post","status-publish","format-standard","hentry","category-uncategorized"],"_links":{"self":[{"href":"http:\/\/www.gasserdaniel.ch\/index.php?rest_route=\/wp\/v2\/posts\/1139","targetHints":{"allow":["GET"]}}],"collection":[{"href":"http:\/\/www.gasserdaniel.ch\/index.php?rest_route=\/wp\/v2\/posts"}],"about":[{"href":"http:\/\/www.gasserdaniel.ch\/index.php?rest_route=\/wp\/v2\/types\/post"}],"author":[{"embeddable":true,"href":"http:\/\/www.gasserdaniel.ch\/index.php?rest_route=\/wp\/v2\/users\/1"}],"replies":[{"embeddable":true,"href":"http:\/\/www.gasserdaniel.ch\/index.php?rest_route=%2Fwp%2Fv2%2Fcomments&post=1139"}],"version-history":[{"count":16,"href":"http:\/\/www.gasserdaniel.ch\/index.php?rest_route=\/wp\/v2\/posts\/1139\/revisions"}],"predecessor-version":[{"id":1201,"href":"http:\/\/www.gasserdaniel.ch\/index.php?rest_route=\/wp\/v2\/posts\/1139\/revisions\/1201"}],"wp:attachment":[{"href":"http:\/\/www.gasserdaniel.ch\/index.php?rest_route=%2Fwp%2Fv2%2Fmedia&parent=1139"}],"wp:term":[{"taxonomy":"category","embeddable":true,"href":"http:\/\/www.gasserdaniel.ch\/index.php?rest_route=%2Fwp%2Fv2%2Fcategories&post=1139"},{"taxonomy":"post_tag","embeddable":true,"href":"http:\/\/www.gasserdaniel.ch\/index.php?rest_route=%2Fwp%2Fv2%2Ftags&post=1139"}],"curies":[{"name":"wp","href":"https:\/\/api.w.org\/{rel}","templated":true}]}}