{"id":1094,"date":"2015-03-03T12:57:21","date_gmt":"2015-03-03T12:57:21","guid":{"rendered":"http:\/\/www.gasserdaniel.ch\/?p=1094"},"modified":"2015-03-03T13:03:55","modified_gmt":"2015-03-03T13:03:55","slug":"wischiwaschi","status":"publish","type":"post","link":"http:\/\/www.gasserdaniel.ch\/?p=1094","title":{"rendered":"Wischiwaschi"},"content":{"rendered":"<h4>In den letzten Monaten habe ich immer wieder den Vorwurf geh\u00f6rt, die CVP betreibe eine Wischiwaschi &#8211; Politik. Dies vor allem aus den Polparteien.\u00a0Die Neue Luzerner Zeitung bezeichnet die CVP als defensive Partei. Es wird moniert, es fehle ein klares Parteiprogramm. Was ist da dran? H\u00f6chste Zeit einmal Klartext zu reden.<\/h4>\n<p><strong>Wo steht die Schweiz?<a href=\"http:\/\/www.gasserdaniel.ch\/wp-content\/uploads\/2015\/03\/Sackstark.png\"><img loading=\"lazy\" decoding=\"async\" class=\"alignright size-medium wp-image-1098\" src=\"http:\/\/www.gasserdaniel.ch\/wp-content\/uploads\/2015\/03\/Sackstark-205x300.png\" alt=\"Sackstark\" width=\"205\" height=\"300\" srcset=\"http:\/\/www.gasserdaniel.ch\/wp-content\/uploads\/2015\/03\/Sackstark-205x300.png 205w, http:\/\/www.gasserdaniel.ch\/wp-content\/uploads\/2015\/03\/Sackstark-479x700.png 479w, http:\/\/www.gasserdaniel.ch\/wp-content\/uploads\/2015\/03\/Sackstark.png 516w\" sizes=\"auto, (max-width: 205px) 100vw, 205px\" \/><\/a><\/strong><\/p>\n<p>Uns Schweizerinnen und Schweizern geht es gut. Wir haben einen grossen Wohlstand, eine hohe Arbeitssicherheit, bestens funktionierende Sozialwerke und nicht zuletzt eine hohe Lebenszufriedenheit. Als Ursache f\u00fcr diese Umst\u00e4nde sind verschiedene Faktoren aufzulisten. Grunds\u00e4tzlich wegbereitend ist aber immer die Politik, welche den N\u00e4hrboden f\u00fcr Entwicklungen legt oder verhindert. Die Politik der Schweiz wurde in den letzten Jahrzehnten durch die Mitteparteien CVP und FDP gepr\u00e4gt, welche gemeinsam\u00a0immer Mehrheiten in den R\u00e4ten inne hatten. Man darf also getrost sagen, dass die heutige Schweiz auf dem R\u00fccken der Mitte gewachsen ist.<\/p>\n<p>In den letzten Jahren hat sich der politische Umgang versch\u00e4rft. Insbesondere die beiden S-Parteien links und rechts torpedieren unser gut funktionierendes Staatssystem immer wieder mit unsinnigen Initiativen, welche oft reine Angstbewirtschaftung sind und uns kein St\u00fcck weiterbringen.<\/p>\n<p><strong>Welche Rolle haben die Medien?<\/strong><\/p>\n<p>Die Medien, besonders die Printmedien, stehen unter grossem Druck. Immer weniger Einnahmen haben zu einer massiven Ausd\u00fcnnung gef\u00fchrt. Der grosse Existenzdruck f\u00fchrt auch dazu, dass Inhalte im Vergleich zu Auflagen und Einschaltquoten an Wichtigkeit verlieren. In diesem Zusammenhang ist es viel einfacher \u00fcber radikale Positionen und Aussagen zu berichten, als \u00fcber die komplizierten Vorg\u00e4nge in der politischen Mitte. Zudem fehlen in immer mehr Medien Journalisten mit breitem politischen Wissen.<\/p>\n<p><strong>Was macht die CVP?<\/strong><\/p>\n<p>Mit hervorragenden Leuten macht die CVP die Knochenarbeit, auf welchem das Erfolgssystem Schweiz beruht. In z\u00e4hen Verhandlungen werden die Kompromisse errungen, welche uns weiterbringen und nicht blockieren. Dazu\u00a0arbeiten\u00a0unglaublich viele Personen privat und beruflich mit. Die CVP hat zum Beispiel:<\/p>\n<ul>\n<li><strong>39 Regierungsr\u00e4te in 20 Kantonen<\/strong><\/li>\n<li><strong>39 von 120 Kantonsratssitze im Kanton Luzern<\/strong><\/li>\n<li><strong>ann\u00e4hernd 50% aller Gemeinderatssitze im Kanton Luzern<\/strong><\/li>\n<\/ul>\n<h4><strong>Auf dieser Ebene wird die Politik gemacht, welche uns direkt betrifft. Leider werden viel zu oft Kantonspolitiker aufgrund nationaler Parteizugeh\u00f6rigkeit gew\u00e4hlt und nicht, weil sie sich hier vor Ort einsetzen. Hier gilt es genau hinzusehen.<\/strong><\/h4>\n<p>\u00dcbrigens, wer genauer \u00fcber das Parteiprogramm der CVP Luzern informiert sein will, findet dieses hier: <a href=\"http:\/\/www.cvpluzern.ch\">http:\/\/www.cvpluzern.ch<\/a><\/p>\n","protected":false},"excerpt":{"rendered":"<p>In den letzten Monaten habe ich immer wieder den Vorwurf geh\u00f6rt, die CVP betreibe eine Wischiwaschi &#8211; Politik. Dies vor allem aus den Polparteien.\u00a0Die Neue Luzerner Zeitung bezeichnet die CVP als defensive Partei. Es wird moniert, es fehle ein klares &hellip; <a href=\"http:\/\/www.gasserdaniel.ch\/?p=1094\">Weiterlesen <span class=\"meta-nav\">&rarr;<\/span><\/a><\/p>\n","protected":false},"author":1,"featured_media":0,"comment_status":"open","ping_status":"closed","sticky":false,"template":"","format":"standard","meta":{"footnotes":""},"categories":[1],"tags":[10,12,11],"class_list":["post-1094","post","type-post","status-publish","format-standard","hentry","category-uncategorized","tag-cvp","tag-ebikon","tag-kantonsrat"],"_links":{"self":[{"href":"http:\/\/www.gasserdaniel.ch\/index.php?rest_route=\/wp\/v2\/posts\/1094","targetHints":{"allow":["GET"]}}],"collection":[{"href":"http:\/\/www.gasserdaniel.ch\/index.php?rest_route=\/wp\/v2\/posts"}],"about":[{"href":"http:\/\/www.gasserdaniel.ch\/index.php?rest_route=\/wp\/v2\/types\/post"}],"author":[{"embeddable":true,"href":"http:\/\/www.gasserdaniel.ch\/index.php?rest_route=\/wp\/v2\/users\/1"}],"replies":[{"embeddable":true,"href":"http:\/\/www.gasserdaniel.ch\/index.php?rest_route=%2Fwp%2Fv2%2Fcomments&post=1094"}],"version-history":[{"count":13,"href":"http:\/\/www.gasserdaniel.ch\/index.php?rest_route=\/wp\/v2\/posts\/1094\/revisions"}],"predecessor-version":[{"id":1109,"href":"http:\/\/www.gasserdaniel.ch\/index.php?rest_route=\/wp\/v2\/posts\/1094\/revisions\/1109"}],"wp:attachment":[{"href":"http:\/\/www.gasserdaniel.ch\/index.php?rest_route=%2Fwp%2Fv2%2Fmedia&parent=1094"}],"wp:term":[{"taxonomy":"category","embeddable":true,"href":"http:\/\/www.gasserdaniel.ch\/index.php?rest_route=%2Fwp%2Fv2%2Fcategories&post=1094"},{"taxonomy":"post_tag","embeddable":true,"href":"http:\/\/www.gasserdaniel.ch\/index.php?rest_route=%2Fwp%2Fv2%2Ftags&post=1094"}],"curies":[{"name":"wp","href":"https:\/\/api.w.org\/{rel}","templated":true}]}}