{"id":1055,"date":"2014-07-17T05:17:56","date_gmt":"2014-07-17T05:17:56","guid":{"rendered":"http:\/\/www.gasserdaniel.ch\/?p=1055"},"modified":"2014-07-17T05:57:33","modified_gmt":"2014-07-17T05:57:33","slug":"ebikoner-gemeindepraesident-rockt-mit-stephan-eicher-2","status":"publish","type":"post","link":"http:\/\/www.gasserdaniel.ch\/?p=1055","title":{"rendered":"Ebikoner Gemeindepr\u00e4sident rockt mit Stephan Eicher"},"content":{"rendered":"<h5 class=\"autor\"><span class=\"s-grey\" style=\"font-size: 10px;\">Quelle: Neue Luzerner Zeitung vom 17.07.2014<\/span><\/h5>\n<h5 class=\"autor\">Christian Hodel \/ christian.hodel@luzernerzeitung.ch<\/h5>\n<p><a href=\"http:\/\/www.gasserdaniel.ch\/wp-content\/uploads\/2014\/07\/Montreux-2014.jpg\"><img loading=\"lazy\" decoding=\"async\" class=\"alignright size-full wp-image-1063\" src=\"http:\/\/www.gasserdaniel.ch\/wp-content\/uploads\/2014\/07\/Montreux-2014.jpg\" alt=\"Montreux 2014\" width=\"641\" height=\"425\" srcset=\"http:\/\/www.gasserdaniel.ch\/wp-content\/uploads\/2014\/07\/Montreux-2014.jpg 641w, http:\/\/www.gasserdaniel.ch\/wp-content\/uploads\/2014\/07\/Montreux-2014-300x198.jpg 300w, http:\/\/www.gasserdaniel.ch\/wp-content\/uploads\/2014\/07\/Montreux-2014-452x300.jpg 452w\" sizes=\"auto, (max-width: 641px) 100vw, 641px\" \/><\/a><\/p>\n<h4 class=\"lead\">Basel\/Montreux<\/h4>\n<h4 class=\"lead\">21 Musiker aus der Zentralschweiz haben mit Stephan Eicher zwei grosse Auftritte gefeiert. Eine spezielle Rolle spielte dabei der Gemeindepr\u00e4sident von Ebikon.<\/h4>\n<p>Ferien einmal anders: Vier Tage lang hat Daniel Gasser, Gemeindepr\u00e4sident von Ebikon und CVP-Kantonsrat, die Politik auf die Seite geschoben. Bis am Sonntag tourte Gasser, der Trompete spielt, mit dem Musiker Stephan Eicher durch die Schweiz. Zwei Konzerte standen an: eines am \u00abSummerstage\u00bb in Basel (10. Juli) und eines am Montreux Jazz Festival (12. Juli). \u00abMit Stephan Eicher auf der B\u00fchne zu stehen war ein Erlebnis.\u00bb Ein Ritterschlag? \u00ab4000 Zuschauer h\u00f6rten in Montreux zu. Dieser Aufritt bleibt f\u00fcr mich unvergesslich.\u00bb<\/p>\n<h4>Gasser arrangierte Eichers Werke<\/h4>\n<p>Neben Gasser waren in der Projektband namens \u00abEichhorns\u00bb 20 weitere Musiker aus der Zentralschweiz involviert. Gasser, der Schulmusik studiert und bis 2012 die Musikschule Ebikon geleitet hat, spielte dabei eine ganz spezielle Rolle. Er war neben den Zentralschweizern Musikern Pirmin Hodel und Thomas Gabriel einer der Arrangeure der zw\u00f6lf gespielten Kompositionen.<\/p>\n<p>Einen ersten Kontakt mit Eicher hatte Gasser bereits vor zehn Jahren. Damals war er Aktivmitglied der Ebikoner Guuggenmusik N\u00e4belh\u00fc\u00fcler und spielte im Sommer 2004 unter dem Vordach des KKL. Eicher wiederum probte zur selben Zeit im Konzertsaal und h\u00f6rte bei einer Pause den f\u00fcr einen Berner eher seltsamen Kl\u00e4ngen zu. \u00abEr war fasziniert von der Kraft und dem Groove unserer Musik\u00bb, sagt Gasser. Es war der Beginn einer musikalischen Freundschaft. 2013 folgten in K\u00f6niz und Z\u00fcrich zwei Auftritte von Eicher mit den \u00abN\u00e4belh\u00fc\u00fclern\u00bb, wie Peter Schamberger sagt, der die Projektband f\u00fcr Basel und Montreux organisiert hat und selber mitspielte. \u00abUnsere Band setzt sich aus einer bunten Truppe von Profimusikern und engagierten Laien zusammen und hat mit den \u2039N\u00e4belh\u00fc\u00fclern\u203a nichts mehr zu tun.\u00bb An drei Tagen haben die Musiker in einem Tonstudio in Stalden OW die Kompositionen einstudiert, bevor sie mit Eicher und dessen Band an zwei Nachmittagen \u00aballes zusammenf\u00fcgten und die Feinabstimmungen vornahmen\u00bb.<\/p>\n<h4>Eicher war beeindruckt <a href=\"http:\/\/www.gasserdaniel.ch\/wp-content\/uploads\/2014\/07\/From_Montreux_with_Love_Day4-063.jpg\"><img loading=\"lazy\" decoding=\"async\" class=\"alignright size-medium wp-image-1068\" src=\"http:\/\/www.gasserdaniel.ch\/wp-content\/uploads\/2014\/07\/From_Montreux_with_Love_Day4-063-300x199.jpg\" alt=\"From_Montreux_with_Love_Day4 063\" width=\"300\" height=\"199\" srcset=\"http:\/\/www.gasserdaniel.ch\/wp-content\/uploads\/2014\/07\/From_Montreux_with_Love_Day4-063-300x199.jpg 300w, http:\/\/www.gasserdaniel.ch\/wp-content\/uploads\/2014\/07\/From_Montreux_with_Love_Day4-063-1024x681.jpg 1024w, http:\/\/www.gasserdaniel.ch\/wp-content\/uploads\/2014\/07\/From_Montreux_with_Love_Day4-063-450x300.jpg 450w, http:\/\/www.gasserdaniel.ch\/wp-content\/uploads\/2014\/07\/From_Montreux_with_Love_Day4-063-700x465.jpg 700w\" sizes=\"auto, (max-width: 300px) 100vw, 300px\" \/><\/a><\/h4>\n<p>Ein Erlebnis war das Projekt auch f\u00fcr Eicher, wie sein Manager Roger Guntern auf Anfrage sagt. \u00abDie Musiker aus der Zentralschweiz sind ihm ans Herz gewachsen.\u00bb Vor allem die enorme Spielfreude habe den Rockmusiker und Chansonnier beeindruckt, der derzeit in den Ferien weilt. \u00abDas Projekt war zwar weit weg von einer Guuggenmusig wie ein Jahr zuvor. Jedoch ist deren Charme geblieben.\u00bb Bei so viel Lob: Plant Eicher einen weiteren Auftritt mit den \u00abEichhorns\u00bb? \u00abEin weiteres Projekt ist durchaus denkbar\u00bb, sagt Guntern. Geplant sei derzeit aber noch nichts. Gasser jedenfalls w\u00e4re einem weiteren Projekt nicht abgeneigt. \u00abEs ist eine Ehre, von einem so bekannten Schweizer K\u00fcnstler angefragt zu werden\u00bb. Doch zuerst mache er jetzt Ferien und k\u00fcmmere sich dann wieder um den politischen Alltag.<\/p>\n<h4>Eichhorns:<\/h4>\n<table width=\"258\">\n<tbody>\n<tr>\n<td width=\"97\">Barmet<\/td>\n<td width=\"71\">Stefan<\/td>\n<td width=\"90\">Euphonium<\/td>\n<\/tr>\n<tr>\n<td width=\"97\">Bucher<\/td>\n<td width=\"71\">Silvan<\/td>\n<td width=\"90\">Trompete<\/td>\n<\/tr>\n<tr>\n<td width=\"97\">Bucher<\/td>\n<td width=\"71\">Markus<\/td>\n<td width=\"90\">Tuba<\/td>\n<\/tr>\n<tr>\n<td width=\"97\">Derungs<\/td>\n<td width=\"71\">Adi<\/td>\n<td width=\"90\">Trompete<\/td>\n<\/tr>\n<tr>\n<td width=\"97\">Diehl<\/td>\n<td width=\"71\">Mike<\/td>\n<td width=\"90\">Posaune<\/td>\n<\/tr>\n<tr>\n<td width=\"97\">Durrer<\/td>\n<td width=\"71\">Thomi<\/td>\n<td width=\"90\">Tuba<\/td>\n<\/tr>\n<tr>\n<td width=\"97\">Estermann<\/td>\n<td width=\"71\">St\u00f6fi<\/td>\n<td width=\"90\">Drums<\/td>\n<\/tr>\n<tr>\n<td width=\"97\">Gabriel<\/td>\n<td width=\"71\">Thomas<\/td>\n<td width=\"90\">Posaune<\/td>\n<\/tr>\n<tr>\n<td width=\"97\">Gasser<\/td>\n<td width=\"71\">Daniel<\/td>\n<td width=\"90\">Trompete<\/td>\n<\/tr>\n<tr>\n<td width=\"97\">Hirschi<\/td>\n<td width=\"71\">Pirmin<\/td>\n<td width=\"90\">Drums<\/td>\n<\/tr>\n<tr>\n<td width=\"97\">Hischier<\/td>\n<td width=\"71\">B\u00e4rti<\/td>\n<td width=\"90\">Tuba<\/td>\n<\/tr>\n<tr>\n<td width=\"97\">Hodel<\/td>\n<td width=\"71\">Pirmin<\/td>\n<td width=\"90\">Euphonium<\/td>\n<\/tr>\n<tr>\n<td width=\"97\">Imboden<\/td>\n<td width=\"71\">Patrick<\/td>\n<td width=\"90\">Drums<\/td>\n<\/tr>\n<tr>\n<td width=\"97\">Jenny<\/td>\n<td width=\"71\">Iwan<\/td>\n<td width=\"90\">Drums<\/td>\n<\/tr>\n<tr>\n<td width=\"97\">L\u00e4ubli<\/td>\n<td width=\"71\">Cajus<\/td>\n<td width=\"90\">Tuba<\/td>\n<\/tr>\n<tr>\n<td width=\"97\">Luciani<\/td>\n<td width=\"71\">Franco<\/td>\n<td width=\"90\">Trompete<\/td>\n<\/tr>\n<tr>\n<td width=\"97\">Mattle<\/td>\n<td width=\"71\">Andy<\/td>\n<td width=\"90\">Posaune<\/td>\n<\/tr>\n<tr>\n<td width=\"97\">Odermatt<\/td>\n<td width=\"71\">Fredie<\/td>\n<td width=\"90\">Trompete<\/td>\n<\/tr>\n<tr>\n<td width=\"97\">Ottiger<\/td>\n<td width=\"71\">Patrick<\/td>\n<td width=\"90\">Trompete<\/td>\n<\/tr>\n<tr>\n<td width=\"97\">Schamberger<\/td>\n<td width=\"71\">Markus<\/td>\n<td width=\"90\">Posaune<\/td>\n<\/tr>\n<tr>\n<td width=\"97\">Schamberger<\/td>\n<td width=\"71\">Peter<\/td>\n<td width=\"90\">Euphonium<\/td>\n<\/tr>\n<\/tbody>\n<\/table>\n<table width=\"258\">\n<tbody>\n<tr>\n<td width=\"97\"><\/td>\n<td width=\"71\"><\/td>\n<td width=\"90\"><\/td>\n<\/tr>\n<\/tbody>\n<\/table>\n<h4><\/h4>\n<h4>Videoimpressionen:<code><br \/>\n<\/code><\/h4>\n<p><a title=\"Dejeuner en paix\" href=\"http:\/\/www.montreuxjazz.com\/live-selection-stephan-eicher-dejeuner-en-paix-12-july-2014\" target=\"_blank\">Dejeuner en paix<\/a><\/p>\n<p><a title=\"It's a long way to the top\" href=\"http:\/\/www.montreuxjazz.com\/live-selection-stephan-eicher-long-way-top-12-july-2014\" target=\"_blank\">It&#8217;s a long way to the top<\/a><\/p>\n<p><a title=\"Umzug durchs Auditorium\" href=\"http:\/\/www.montreuxjazz.com\/instruments-stephan-eicher-12-july-2014\" target=\"_blank\">Hemmige (Umzug Auditorium Stravinski)<\/a><\/p>\n","protected":false},"excerpt":{"rendered":"<p>Quelle: Neue Luzerner Zeitung vom 17.07.2014 Christian Hodel \/ christian.hodel@luzernerzeitung.ch Basel\/Montreux 21 Musiker aus der Zentralschweiz haben mit Stephan Eicher zwei grosse Auftritte gefeiert. Eine spezielle Rolle spielte dabei der Gemeindepr\u00e4sident von Ebikon. Ferien einmal anders: Vier Tage lang hat &hellip; <a href=\"http:\/\/www.gasserdaniel.ch\/?p=1055\">Weiterlesen <span class=\"meta-nav\">&rarr;<\/span><\/a><\/p>\n","protected":false},"author":1,"featured_media":0,"comment_status":"open","ping_status":"closed","sticky":false,"template":"","format":"standard","meta":{"footnotes":""},"categories":[1],"tags":[],"class_list":["post-1055","post","type-post","status-publish","format-standard","hentry","category-uncategorized"],"_links":{"self":[{"href":"http:\/\/www.gasserdaniel.ch\/index.php?rest_route=\/wp\/v2\/posts\/1055","targetHints":{"allow":["GET"]}}],"collection":[{"href":"http:\/\/www.gasserdaniel.ch\/index.php?rest_route=\/wp\/v2\/posts"}],"about":[{"href":"http:\/\/www.gasserdaniel.ch\/index.php?rest_route=\/wp\/v2\/types\/post"}],"author":[{"embeddable":true,"href":"http:\/\/www.gasserdaniel.ch\/index.php?rest_route=\/wp\/v2\/users\/1"}],"replies":[{"embeddable":true,"href":"http:\/\/www.gasserdaniel.ch\/index.php?rest_route=%2Fwp%2Fv2%2Fcomments&post=1055"}],"version-history":[{"count":15,"href":"http:\/\/www.gasserdaniel.ch\/index.php?rest_route=\/wp\/v2\/posts\/1055\/revisions"}],"predecessor-version":[{"id":1066,"href":"http:\/\/www.gasserdaniel.ch\/index.php?rest_route=\/wp\/v2\/posts\/1055\/revisions\/1066"}],"wp:attachment":[{"href":"http:\/\/www.gasserdaniel.ch\/index.php?rest_route=%2Fwp%2Fv2%2Fmedia&parent=1055"}],"wp:term":[{"taxonomy":"category","embeddable":true,"href":"http:\/\/www.gasserdaniel.ch\/index.php?rest_route=%2Fwp%2Fv2%2Fcategories&post=1055"},{"taxonomy":"post_tag","embeddable":true,"href":"http:\/\/www.gasserdaniel.ch\/index.php?rest_route=%2Fwp%2Fv2%2Ftags&post=1055"}],"curies":[{"name":"wp","href":"https:\/\/api.w.org\/{rel}","templated":true}]}}