{"id":1012,"date":"2014-03-27T14:07:46","date_gmt":"2014-03-27T14:07:46","guid":{"rendered":"http:\/\/www.gasserdaniel.ch\/?p=1012"},"modified":"2014-03-27T14:07:46","modified_gmt":"2014-03-27T14:07:46","slug":"neu-im-kantonsrat-luzern","status":"publish","type":"post","link":"http:\/\/www.gasserdaniel.ch\/?p=1012","title":{"rendered":"Neu im Kantonsrat Luzern"},"content":{"rendered":"<h4>Durch den R\u00fccktritt von Bernadette Br\u00fcndler kann ich als erster Ersatz der Liste A, Luzern Land, per 31. M\u00e4rz 2014 ihren Platz im Kantonsrat einnehmen. Ich danke an dieser Stelle noch einmal allen Luzernerinnen und Luzernern, welche mir 2011 ihre Stimme gegeben und damit ein sehr gutes Resultat erm\u00f6glicht haben, welches heute Fr\u00fcchte tr\u00e4gt.<\/h4>\n<h4><a href=\"http:\/\/www.gasserdaniel.ch\/wp-content\/uploads\/2014\/03\/Portrait-2013.jpg\"><img loading=\"lazy\" decoding=\"async\" class=\"alignright size-thumbnail wp-image-1027\" alt=\"Portrait 2013\" src=\"http:\/\/www.gasserdaniel.ch\/wp-content\/uploads\/2014\/03\/Portrait-2013-150x150.jpg\" width=\"150\" height=\"150\" \/><\/a><\/h4>\n<h4>Bernadette Br\u00fcndler danke ich herzlich f\u00fcr ihre Arbeit zum Wohle von Partei, Gemeinde und Kanton und verspreche ihre Arbeit mit Elan weiter zu f\u00fchren.<\/h4>\n<h4><\/h4>\n<h4>Beat Baumgartner aus dem Vorstand der CVP Ebikon hat mit mir folgendes Interview gef\u00fchrt, welches heute im Rontaler erschienen ist:<\/h4>\n<p>&nbsp;<\/p>\n<p><em><b>Daniel Gasser, mit welchen Erwartungen gehen Sie in das Kantonsparlament?<\/b><\/em><\/p>\n<p>Ich freue mich auf interessante Themen, engagierte politische Auseinandersetzungen, Informationen von der Front und ein aktives Politisieren zum Wohle von Kanton und Gemeinden.<\/p>\n<p><em><b>Welche Ziele haben f\u00fcr Sie als Kantonsparlamentarier oberste Priorit\u00e4t?<\/b><\/em><\/p>\n<p>Das ist nat\u00fcrlich themenabh\u00e4ngig. Selbstverst\u00e4ndlich steht f\u00fcr mich eine Politik im Vordergrund, die gepr\u00e4gt ist von den <a href=\"http:\/\/www.cvpluzern.ch\/fileadmin\/websites\/Luzern\/CVP_Luzern_News\/Parteiprogramm_2014.pdf\">Grundwerten der CVP<\/a>:<\/p>\n<blockquote>\n<blockquote>\n<blockquote>\n<ul>\n<li><span style=\"color: #000000;\">Sicherheit<\/span><\/li>\n<li><span style=\"color: #000000;\">gesunde KMU<\/span><\/li>\n<li><span style=\"color: #000000;\">starke Gemeinden<\/span><\/li>\n<li><span style=\"color: #000000;\">gute Bildung<\/span><\/li>\n<li><span style=\"color: #000000;\">z\u00fcgige Energiewende<\/span><\/li>\n<li><span style=\"color: #000000;\">ausgewogene Mobilit\u00e4t.<\/span><\/li>\n<\/ul>\n<\/blockquote>\n<\/blockquote>\n<\/blockquote>\n<p><span style=\"color: #000000;\">Also die Themen, die sich mit den Sorgen des Mittelstandes und der Familien befassen.<\/span><\/p>\n<p><em><b>Sie setzen sich ein \u00abf\u00fcr einen anderen Ton in der Politik\u00bb. Treten Sie anders auf als Ihre Vorg\u00e4ngerin Bernadette Br\u00fcndler?<\/b><\/em><\/p>\n<p>Bernadette Br\u00fcndler hat sich sehr engagiert in Partei, Kantonsrat und Kommissionen eingebracht. Ich begegne dieser Vorgabe mit viel Hochachtung. Selbstverst\u00e4ndlich wird bei mir auch mein Mandat als Gemeinderat bei Entscheidungen mitschwingen.<\/p>\n<p><em><b>Daniel Gasser, Sie sind erst seit zwei Jahren Gemeindepr\u00e4sident von Ebikon und schon CVP-Kantonsrat. Ein in diesem Sinne geplanter Schritt?<\/b><\/em><\/p>\n<p><a href=\"http:\/\/www.gasserdaniel.ch\/wp-content\/uploads\/2014\/03\/Ebikon_Herbst_2013_0011kl.jpg\"><img loading=\"lazy\" decoding=\"async\" class=\"alignleft size-medium wp-image-1026\" alt=\"Ebikon_Herbst_2013_0011kl\" src=\"http:\/\/www.gasserdaniel.ch\/wp-content\/uploads\/2014\/03\/Ebikon_Herbst_2013_0011kl-300x225.jpg\" width=\"300\" height=\"225\" srcset=\"http:\/\/www.gasserdaniel.ch\/wp-content\/uploads\/2014\/03\/Ebikon_Herbst_2013_0011kl-300x225.jpg 300w, http:\/\/www.gasserdaniel.ch\/wp-content\/uploads\/2014\/03\/Ebikon_Herbst_2013_0011kl-400x300.jpg 400w, http:\/\/www.gasserdaniel.ch\/wp-content\/uploads\/2014\/03\/Ebikon_Herbst_2013_0011kl-700x525.jpg 700w, http:\/\/www.gasserdaniel.ch\/wp-content\/uploads\/2014\/03\/Ebikon_Herbst_2013_0011kl.jpg 1024w\" sizes=\"auto, (max-width: 300px) 100vw, 300px\" \/><\/a>Nicht im eigentlichen Sinne geplant. Nachdem ich aber im Fr\u00fchling 2011 bei den Kantonsratswahlen ein sehr gutes Wahlresultat erzielte und erster Ersatz auf der Liste A, Luzern-Land, wurde, war die Wahrscheinlichkeit nat\u00fcrlich vorhanden, einmal \u00abnachzurutschen\u00bb. Es freut mich besonders, dass dadurch der frei werdende Sitz von Bernadette Br\u00fcndler in unserer Gemeinde bleibt. Dieser Verantwortung begegne ich mit Respekt.<\/p>\n<p><em><b>Ihr Zeitmanagement wird damit ziemlich beansprucht \u2013 wie werden Sie das l\u00f6sen?<\/b><\/em><\/p>\n<p>Mein Pensum im Gemeinderat ist keine Vollzeitstelle, ich kann darum mein Amt als Kantonsrat mit vollem Engagement aus\u00fcben. Selbstverst\u00e4ndlich wird sich die zus\u00e4tzliche Belastung durch dieses Amt auf meine Freizeit und andere T\u00e4tigkeiten auswirken, aber damit komme ich gut klar.<\/p>\n<p><b><em>Wie wird Ebikon von Ihrer T\u00e4tigkeit im Kantonsrat profitieren?<\/em> <\/b><\/p>\n<p>Nach eineinhalb Jahren im Gemeinderat sehe ich immer mehr die Dringlichkeit der regionalen Verankerung und Positionierung einer Gemeinde.<\/p>\n<blockquote><p><span style=\"color: #000000;\"><strong>Viele Probleme machen heute nicht mehr an der Gemeindegrenze halt, sondern wir m\u00fcssen sie in funktionalen R\u00e4umen planen und angehen. <\/strong><\/span><\/p><\/blockquote>\n<p>Ich denke dabei an Verkehr, Wirtschaftsf\u00f6rderung, Gesundheitswesen, Kultur- und Sportst\u00e4tten, Bildung und vieles mehr. Die M\u00f6glichkeit von Mandaten im Kantonsrat, in Verb\u00e4nden oder anderen Institutionen gibt mir eine breite Vernetzung und verschafft mir das n\u00f6tige Wissen und die Kraft, diese Themen erfolgreicher anzugehen. Davon profitieren wiederum die B\u00fcrgerinnen und B\u00fcrger von Ebikon.<\/p>\n<p><em><b>Wo liegen f\u00fcr Sie die Priorit\u00e4ten beim Politisieren \u2013 auf kommunaler oder kantonaler Ebene?<\/b><\/em><\/p>\n<p>Wie ich bereits erw\u00e4hnte, d\u00fcrfen diese Ebenen nicht getrennt voneinander betrachtet werden. Entscheidungen auf Kantonsebene haben immer einen Einfluss auf das Geschehen in den Gemeinden. Aktuellstes Beispiel sind die Steuererh\u00f6hungen in vielen Gemeinden, die oft eine Folge der kantonalen Steuergesetzreformen sind. Aufgrund dieser Abh\u00e4ngigkeiten ist es auch so wichtig, dass sich die Gemeinden in Verb\u00e4nden wie zum Beispiel dem VLG organisieren und gegen\u00fcber dem Kanton gemeinsam ihre Interessen vertreten. Leider tun sich Einwohnerr\u00e4te gr\u00f6sserer Luzerner Gemeinden mit diesem Standpunkt in letzter Zeit etwas schwer.<\/p>\n<p><b><em>Wird Ihre politische Karriere weitergehen?<\/em> <\/b><\/p>\n<p><a href=\"http:\/\/www.gasserdaniel.ch\/wp-content\/uploads\/2014\/03\/Ebikon_Herbst_2013_0002kl.jpg\"><img loading=\"lazy\" decoding=\"async\" class=\"alignright size-medium wp-image-1025\" alt=\"Ebikon_Herbst_2013_0002kl\" src=\"http:\/\/www.gasserdaniel.ch\/wp-content\/uploads\/2014\/03\/Ebikon_Herbst_2013_0002kl-300x225.jpg\" width=\"300\" height=\"225\" srcset=\"http:\/\/www.gasserdaniel.ch\/wp-content\/uploads\/2014\/03\/Ebikon_Herbst_2013_0002kl-300x225.jpg 300w, http:\/\/www.gasserdaniel.ch\/wp-content\/uploads\/2014\/03\/Ebikon_Herbst_2013_0002kl-400x300.jpg 400w, http:\/\/www.gasserdaniel.ch\/wp-content\/uploads\/2014\/03\/Ebikon_Herbst_2013_0002kl-700x525.jpg 700w, http:\/\/www.gasserdaniel.ch\/wp-content\/uploads\/2014\/03\/Ebikon_Herbst_2013_0002kl.jpg 1024w\" sizes=\"auto, (max-width: 300px) 100vw, 300px\" \/><\/a>Der Antrieb f\u00fcr meine politische T\u00e4tigkeit war niemals eine m\u00f6gliche Karriere. Nachdem ich Politik \u00fcber Jahre als Zaungast verfolgt hatte, kam vor einiger Zeit der Punkt, an dem ich mich genug \u00fcber die Entscheidungen anderer ge\u00e4rgert hatte und darum in die Politik einstieg. Wirkliche Mitsprache findet nur bei aktiver Teilnahme am politischen Leben statt. Dies bedeutet aber auch, dass ich mich der \u00d6ffentlichkeit stelle und dadurch nicht nur sch\u00f6ne Erlebnisse mitnehme. Zurzeit freue ich mich jedoch einfach nur auf die erste Session und die spannenden Auseinandersetzungen auf Kantonsebene.<\/p>\n","protected":false},"excerpt":{"rendered":"<p>Durch den R\u00fccktritt von Bernadette Br\u00fcndler kann ich als erster Ersatz der Liste A, Luzern Land, per 31. M\u00e4rz 2014 ihren Platz im Kantonsrat einnehmen. Ich danke an dieser Stelle noch einmal allen Luzernerinnen und Luzernern, welche mir 2011 ihre &hellip; <a href=\"http:\/\/www.gasserdaniel.ch\/?p=1012\">Weiterlesen <span class=\"meta-nav\">&rarr;<\/span><\/a><\/p>\n","protected":false},"author":1,"featured_media":0,"comment_status":"open","ping_status":"closed","sticky":false,"template":"","format":"standard","meta":{"footnotes":""},"categories":[1],"tags":[],"class_list":["post-1012","post","type-post","status-publish","format-standard","hentry","category-uncategorized"],"_links":{"self":[{"href":"http:\/\/www.gasserdaniel.ch\/index.php?rest_route=\/wp\/v2\/posts\/1012","targetHints":{"allow":["GET"]}}],"collection":[{"href":"http:\/\/www.gasserdaniel.ch\/index.php?rest_route=\/wp\/v2\/posts"}],"about":[{"href":"http:\/\/www.gasserdaniel.ch\/index.php?rest_route=\/wp\/v2\/types\/post"}],"author":[{"embeddable":true,"href":"http:\/\/www.gasserdaniel.ch\/index.php?rest_route=\/wp\/v2\/users\/1"}],"replies":[{"embeddable":true,"href":"http:\/\/www.gasserdaniel.ch\/index.php?rest_route=%2Fwp%2Fv2%2Fcomments&post=1012"}],"version-history":[{"count":27,"href":"http:\/\/www.gasserdaniel.ch\/index.php?rest_route=\/wp\/v2\/posts\/1012\/revisions"}],"predecessor-version":[{"id":1042,"href":"http:\/\/www.gasserdaniel.ch\/index.php?rest_route=\/wp\/v2\/posts\/1012\/revisions\/1042"}],"wp:attachment":[{"href":"http:\/\/www.gasserdaniel.ch\/index.php?rest_route=%2Fwp%2Fv2%2Fmedia&parent=1012"}],"wp:term":[{"taxonomy":"category","embeddable":true,"href":"http:\/\/www.gasserdaniel.ch\/index.php?rest_route=%2Fwp%2Fv2%2Fcategories&post=1012"},{"taxonomy":"post_tag","embeddable":true,"href":"http:\/\/www.gasserdaniel.ch\/index.php?rest_route=%2Fwp%2Fv2%2Ftags&post=1012"}],"curies":[{"name":"wp","href":"https:\/\/api.w.org\/{rel}","templated":true}]}}